{"id":4688,"date":"2026-03-09T15:30:06","date_gmt":"2026-03-09T15:30:06","guid":{"rendered":"https:\/\/letilkuria.hu\/?p=4688"},"modified":"2026-03-10T12:25:00","modified_gmt":"2026-03-10T12:25:00","slug":"teljeskoru-eskuvo-szervezes-a-le-til-kuriaban","status":"publish","type":"post","link":"https:\/\/letilkuria.hu\/en\/teljeskoru-eskuvo-szervezes-a-le-til-kuriaban\/","title":{"rendered":"Teljesk\u00f6r\u0171 esk\u00fcv\u0151 szervez\u00e9s a Le Til K\u00fari\u00e1ban"},"content":{"rendered":"<p>Az esk\u00fcv\u0151 szervez\u00e9s egyik legfontosabb l\u00e9p\u00e9se a t\u00f6k\u00e9letes helysz\u00edn kiv\u00e1laszt\u00e1sa, mert a Nagy Nap nem csup\u00e1n egy d\u00e1tum lesz a napt\u00e1rban, hanem egy \u00e9rz\u00e9s, ami \u00fajra \u00e9s \u00fajra visszat\u00e9r az eml\u00e9keitekben. Az a t\u00e9r, ahol kimondj\u00e1tok az \u00f6r\u00f6kre sz\u00f3l\u00f3 igent, meghat\u00e1rozza a nap ritmus\u00e1t, hangulat\u00e1t, \u00e9s azt is, mennyire tudj\u00e1tok val\u00f3ban meg\u00e9lni minden pillanat\u00e1t.<\/p>\n\n\n\n<p>A Le Til K\u00faria \u00e9pp ebben k\u00fcl\u00f6nleges: nemcsak teret ad az \u00e1lmaitoknak, hanem keretet, st\u00edlust \u00e9s biztons\u00e1got is. Ebben a cikkben megmutatjuk, milyen lehet\u0151s\u00e9gekkel v\u00e1runk benneteket \u2013 a tervez\u00e9s els\u0151 l\u00e9p\u00e9seit\u0151l a Nagy Nap utols\u00f3, eml\u00e9kezetes mozzanat\u00e1ig. Tartsatok vel\u00fcnk!<\/p>\n\n\n\n<div class=\"wp-block-rank-math-toc-block\" id=\"rank-math-toc\"><h2>Tartalomjegyz\u00e9k<\/h2><nav><ul><li class=\"\"><a href=\"#szervezes-az-egyediseg-tukreben\">Szervez\u00e9s, az egyedis\u00e9g t\u00fckr\u00e9ben<\/a><\/li><li class=\"\"><a href=\"#vendegvaro-falatoktol-az-ejfeli-menuig\">Vend\u00e9gv\u00e1r\u00f3 falatokt\u00f3l az \u00e9jf\u00e9li men\u00fcig<\/a><\/li><li class=\"\"><a href=\"#a-tokeletesseg-a-reszletekben-rejlik\">A t\u00f6k\u00e9letess\u00e9g a r\u00e9szletekben rejlik<\/a><\/li><li class=\"\"><a href=\"#egy-pillanatnyi-alom\">Egy pillanatnyi \u00e1lom<\/a><\/li><li class=\"\"><a href=\"#alomszep-szertartas\">\u00c1lomsz\u00e9p szertart\u00e1s<\/a><\/li><li class=\"\"><a href=\"#orok-emlekek\">\u00d6r\u00f6k eml\u00e9kek<\/a><\/li><li class=\"\"><a href=\"#osszegzes\">\u00d6sszegz\u00e9s<\/a><\/li><li class=\"\"><a href=\"#elerhetosegek\">El\u00e9rhet\u0151s\u00e9gek<\/a><\/li><\/ul><\/nav><\/div>\n\n\n\n<h2 class=\"wp-block-heading\" id=\"szervezes-az-egyediseg-tukreben\"><strong>Szervez\u00e9s, az egyedis\u00e9g t\u00fckr\u00e9ben<\/strong><\/h2>\n\n\n\n<p>A Le Til K\u00fari\u00e1ban a helysz\u00edn csak a kezdet. A teljesk\u00f6r\u0171 esk\u00fcv\u0151 szervez\u00e9s szolg\u00e1ltat\u00e1sunk l\u00e9nyege, hogy m\u00e1r az els\u0151 tal\u00e1lkoz\u00e1st\u00f3l fogva veletek egy\u00fctt gondolkodunk: figyel\u00fcnk r\u00e1tok, a t\u00f6rt\u00e9netetekre, az \u00edzl\u00e9setekre, \u00e9s arra, milyen hangulatot szeretn\u00e9tek megteremteni.<\/p>\n\n\n\n<p>A szervez\u00e9s sor\u00e1n alapelv\u00fcnk, hogy minden apr\u00f3 r\u00e9szlet t\u00fckr\u00f6zze egy\u00e9nis\u00e9geteket, elk\u00e9pzel\u00e9seiteket. T\u00f6bb \u00e9ves tapasztalatunk \u00e1ltal a legkiv\u00e1l\u00f3bb szakemberek seg\u00edts\u00e9g\u00e9vel val\u00f3s\u00edtjuk meg a Nagy Napotokat. Legyen sz\u00f3 a dekor\u00e1ci\u00f3r\u00f3l, a szertart\u00e1sr\u00f3l, a men\u00fcsorr\u00f3l, a hangtechnik\u00e1r\u00f3l, de ak\u00e1r egy\u00e9b seg\u00edts\u00e9gr\u0151l, \u00fagy, mint az egyedi k\u00f6sz\u00f6n\u0151aj\u00e1nd\u00e9kok, vagy a megh\u00edv\u00f3k, \u00fcltet\u0151k\u00e1rty\u00e1k megtervez\u00e9se. Valljuk, hogy minden r\u00e9szlet sz\u00e1m\u00edt, ez\u00e9rt t\u00f6reksz\u00fcnk arra, hogy a lehet\u0151 legnagyobb odafigyel\u00e9ssel, precizit\u00e1ssal seg\u00edts\u00fck a szervez\u00e9st.<\/p>\n\n\n\n<p>A c\u00e9l egyszer\u0171: hogy a szervez\u00e9s ne teher legyen, hanem egy biztons\u00e1gos, \u00f6r\u00f6mteli folyamat, amelynek a v\u00e9g\u00e9n egy igaz\u00e1n \u201eti\u201d esk\u00fcv\u0151t\u00f6k sz\u00fcletik meg.<\/p>\n\n\n\n<figure class=\"wp-block-image aligncenter size-large\"><img loading=\"lazy\" decoding=\"async\" width=\"1024\" height=\"576\" src=\"https:\/\/letilkuria.hu\/wp-content\/uploads\/2-1-3-1024x576.jpg\" alt=\"esk\u00fcv\u0151szervez\u00e9s\" class=\"wp-image-4690\" title=\"\" srcset=\"https:\/\/letilkuria.hu\/wp-content\/uploads\/2-1-3-980x551.jpg 980w, https:\/\/letilkuria.hu\/wp-content\/uploads\/2-1-3-480x270.jpg 480w\" sizes=\"(min-width: 0px) and (max-width: 480px) 480px, (min-width: 481px) and (max-width: 980px) 980px, (min-width: 981px) 1024px, 100vw\" \/><\/figure>\n\n\n\n<h2 class=\"wp-block-heading\" id=\"vendegvaro-falatoktol-az-ejfeli-menuig\">Vend\u00e9gv\u00e1r\u00f3 falatokt\u00f3l az \u00e9jf\u00e9li men\u00fcig<\/h2>\n\n\n\n<p>Egy t\u00f6k\u00e9letes lagzi nem j\u00f6het l\u00e9tre mennyei \u00edzek n\u00e9lk\u00fcl, ez\u00e9rt <a href=\"https:\/\/letilkuria.hu\/en\/wedding\/%23eskuvoimenu-div\/\">aj\u00e1nlatunk tartalmazza a teljes men\u00fcsort<\/a> a vend\u00e9gv\u00e1r\u00f3 falatokt\u00f3l az \u00e9jf\u00e9li men\u00fcig. Az esk\u00fcv\u0151i men\u00fcsor a Le Til K\u00fari\u00e1ban nem csup\u00e1n n\u00e9h\u00e1ny \u00e9tkez\u00e9s, hanem \u00fcnnep\u00e9lyes, \u00e9rz\u00e9ki utaz\u00e1s. Az \u00edzek, f\u00e9nyek \u00e9s text\u00far\u00e1k szineszt\u00e9zi\u00e1ja. Itt minden fog\u00e1s egy gondosan kompon\u00e1lt m\u0171alkot\u00e1s. A Le Til K\u00faria gasztron\u00f3miai vil\u00e1ga nemcsak a testet, de garant\u00e1ltan a lelket is \u00fcnnepli.<\/p>\n\n\n\n<p>S\u00e9f\u00fcnk mesterien \u00f6tv\u00f6zi a tradicion\u00e1lis magyar konyha id\u0151tlen elemeit a kort\u00e1rs gasztron\u00f3mia finom, nagyvil\u00e1gi megold\u00e1saival \u2013 \u00edgy a klasszikus \u00e9s a modern ugyanabban a pillanatban tud otthonoss\u00e1 \u00e9s k\u00fcl\u00f6nlegess\u00e9 v\u00e1lni. \u00c9s ha van egy mer\u00e9sz, j\u00e1t\u00e9kos \u00f6tletetek? Nyitottak vagyunk r\u00e1! Ak\u00e1r egy \u00e9jszakai \u201egyors\u00e9tterem-hangulat\u201d megid\u00e9z\u00e9s\u00e9re is, mert a legjobb esk\u00fcv\u0151k\u00f6n mindig van valami szem\u00e9lyes csavar, amit\u0151l igaz\u00e1n eml\u00e9kezetes lesz.<\/p>\n\n\n\n<figure class=\"wp-block-image aligncenter size-large\"><img loading=\"lazy\" decoding=\"async\" width=\"1024\" height=\"576\" src=\"https:\/\/letilkuria.hu\/wp-content\/uploads\/3-1-2-1024x576.jpg\" alt=\"\" class=\"wp-image-4691\" title=\"\" srcset=\"https:\/\/letilkuria.hu\/wp-content\/uploads\/3-1-2-980x551.jpg 980w, https:\/\/letilkuria.hu\/wp-content\/uploads\/3-1-2-480x270.jpg 480w\" sizes=\"(min-width: 0px) and (max-width: 480px) 480px, (min-width: 481px) and (max-width: 980px) 980px, (min-width: 981px) 1024px, 100vw\" \/><\/figure>\n\n\n\n<h2 class=\"wp-block-heading\" id=\"a-tokeletesseg-a-reszletekben-rejlik\">A t\u00f6k\u00e9letess\u00e9g a r\u00e9szletekben rejlik<\/h2>\n\n\n\n<p>Az esk\u00fcv\u0151 tervez\u00e9s sor\u00e1n elmaradhatatlan k\u00e9rd\u00e9s az esk\u00fcv\u0151 st\u00edlusa, tematik\u00e1ja \u00e9s sz\u00ednvil\u00e1ga. A K\u00faria \u00f6nmag\u00e1ban t\u00f6bb, k\u00fcl\u00f6nb\u00f6z\u0151 st\u00edlusjegyet hordoz. A barokk jegyek, a klasszikus elegancia letisztult elemei, a boh\u00e9m j\u00e1t\u00e9koss\u00e1g egyveleg\u00e9t k\u00f6r\u00fclvev\u0151 z\u00f6ld ter\u00fclet \u00e9s a romantikus k\u00e1polna \u00f6nmag\u00e1ban k\u00fcl\u00f6nleges. Ez az \u00f6sszk\u00e9p kiv\u00e1l\u00f3an alkalmas szinte b\u00e1rmilyen st\u00edlus, elk\u00e9pzel\u00e9s megval\u00f3s\u00edt\u00e1s\u00e1hoz. Engedj\u00e9tek szabadj\u00e1ra fant\u00e1zi\u00e1tokat \u00e9s hagyj\u00e1tok, hogy hozz\u00e1\u00e9rt\u00e9s\u00fcnkkel a dekor\u00e1ci\u00f3t elk\u00e9pzel\u00e9seitekhez igaz\u00edtsuk!<\/p>\n\n\n\n<figure class=\"wp-block-image aligncenter size-large\"><img loading=\"lazy\" decoding=\"async\" width=\"1024\" height=\"576\" src=\"https:\/\/letilkuria.hu\/wp-content\/uploads\/5-1-2-1024x576.jpg\" alt=\"\" class=\"wp-image-4692\" title=\"\" srcset=\"https:\/\/letilkuria.hu\/wp-content\/uploads\/5-1-2-980x551.jpg 980w, https:\/\/letilkuria.hu\/wp-content\/uploads\/5-1-2-480x270.jpg 480w\" sizes=\"(min-width: 0px) and (max-width: 480px) 480px, (min-width: 481px) and (max-width: 980px) 980px, (min-width: 981px) 1024px, 100vw\" \/><\/figure>\n\n\n\n<h2 class=\"wp-block-heading\" id=\"egy-pillanatnyi-alom\"><strong>Egy pillanatnyi \u00e1lom<\/strong><\/h2>\n\n\n\n<p>A K\u00faria nem csup\u00e1n sz\u00e1ll\u00e1shely lesz sz\u00e1motokra, hanem \u00e9let\u00e9rz\u00e9s is. A Nagy Nap ugyanis nem csak az esem\u00e9nyekr\u0151l sz\u00f3l, hanem arr\u00f3l is, hogyan \u00e9rzitek magatokat k\u00f6zben.<\/p>\n\n\n\n<p>A Le Til K\u00fari\u00e1ban a k\u00e9sz\u00fcl\u0151d\u00e9s \u00e9s a pihen\u00e9s is az \u00e9lm\u00e9ny r\u00e9sze: <a href=\"https:\/\/letilkuria.hu\/en\/mansion-rooms\/\">a szob\u00e1k, a lakoszt\u00e1lyok,<\/a> a terek nyugalma mind azt szolg\u00e1lj\u00e1k, hogy ne csak \u201et\u00fal\u00e9lj\u00e9tek\u201d a napot, hanem meg is \u00e9lhess\u00e9tek. A legnagyobb m\u00e9lys\u00e9ggel.<\/p>\n\n\n\n<p>P\u00e9ld\u00e1ul, az eln\u00f6ki lakoszt\u00e1lyban a k\u00e9sz\u00fcl\u0151d\u00e9s meghitt csendje, a selyemmel bor\u00edtott \u00e1gyak \u00e9s a napf\u00e9nyben f\u00fcrd\u0151 ablakok mind a nyugalom \u00e9s a luxus \u00edg\u00e9ret\u00e9t hordozz\u00e1k. A K\u00faria ter\u00fclet\u00e9n tal\u00e1lhat\u00f3 mediterr\u00e1n hangulat\u00fa medence \u00e9s a <a href=\"https:\/\/letilkuria.hu\/en\/spa\/\">Spa-r\u00e9szleg<\/a> l\u00e1gyan \u00f6lelheti k\u00f6rbe a reggeli izgalmakat, hogy a v\u00e1rakoz\u00e1s is \u00fcnnepp\u00e9 v\u00e1ljon. Amikor pedig a parkban s\u00e9t\u00e1ltok, vagy a b\u00e1lterem f\u00e9nyeiben t\u00e1ncoltok, tudj\u00e1tok majd, hogy itt minden momentum a ti\u00e9tek, minden r\u00e9szlet \u00e9rtetek sz\u00fcletett.<\/p>\n\n\n\n<p>A nap v\u00e9g\u00e9n pedig ott v\u00e1r a pihen\u00e9s luxusa: a K\u00faria exkluz\u00edv szob\u00e1i a menyegz\u0151 ut\u00e1ni b\u00e9k\u00e9s pihen\u00e9s szent\u00e9lyei lehetnek, ahol a csend is k\u00fcl\u00f6nleges.<\/p>\n\n\n\n<figure class=\"wp-block-image aligncenter size-large\"><img loading=\"lazy\" decoding=\"async\" width=\"1024\" height=\"576\" src=\"https:\/\/letilkuria.hu\/wp-content\/uploads\/4-1-2-1024x576.jpg\" alt=\"\" class=\"wp-image-4693\" title=\"\" srcset=\"https:\/\/letilkuria.hu\/wp-content\/uploads\/4-1-2-980x551.jpg 980w, https:\/\/letilkuria.hu\/wp-content\/uploads\/4-1-2-480x270.jpg 480w\" sizes=\"(min-width: 0px) and (max-width: 480px) 480px, (min-width: 481px) and (max-width: 980px) 980px, (min-width: 981px) 1024px, 100vw\" \/><\/figure>\n\n\n\n<h2 class=\"wp-block-heading\" id=\"alomszep-szertartas\"><strong>\u00c1lomsz\u00e9p szertart\u00e1s<\/strong><\/h2>\n\n\n\n<p>A polg\u00e1ri szertart\u00e1s szervez\u00e9s\u00e9ben is sz\u00e1m\u00edthattok seg\u00edts\u00e9g\u00fcnkre, seg\u00edt\u00fcnk val\u00f3ra v\u00e1ltani \u00e1lmaitok szertart\u00e1s\u00e1t. A meghitts\u00e9g jegy\u00e9ben egy olyan helysz\u00ednen mondhatj\u00e1tok ki az igent, ahol meg\u00e9lhetitek szerelmetek teljess\u00e9g\u00e9t. A kertben tal\u00e1lhat\u00f3 romantikus k\u00e1polna egy igaz\u00e1n meghitt helysz\u00edn a szertart\u00e1s lebonyol\u00edt\u00e1s\u00e1hoz: finom, \u00e9rzelmes \u00e9s id\u0151tlen.<\/p>\n\n\n\n<p>Itt minden mozdulat, minden tekintet \u00fcnnep: a leveg\u0151ben vibr\u00e1lhat majd a v\u00e1rakoz\u00e1s, a csendben pedig ott l\u00fcktethet a boldogs\u00e1g. A Le Til K\u00faria atmoszf\u00e9r\u00e1ja nemcsak h\u00e1tteret ad, hanem \u00e9letre kelti a szertart\u00e1s minden pillanat\u00e1t, hogy amikor kimondj\u00e1tok az igent csak az j\u00e1rjon a fejetekbe, ami igaz\u00e1n sz\u00e1m\u00edt: ti ketten, \u00e9s az a pillanat, ami mindig veletek marad.<\/p>\n\n\n\n<figure class=\"wp-block-image aligncenter size-large\"><img loading=\"lazy\" decoding=\"async\" width=\"1024\" height=\"576\" src=\"https:\/\/letilkuria.hu\/wp-content\/uploads\/6-1-1-1024x576.jpg\" alt=\"\" class=\"wp-image-4694\" title=\"\" srcset=\"https:\/\/letilkuria.hu\/wp-content\/uploads\/6-1-1-980x551.jpg 980w, https:\/\/letilkuria.hu\/wp-content\/uploads\/6-1-1-480x270.jpg 480w\" sizes=\"(min-width: 0px) and (max-width: 480px) 480px, (min-width: 481px) and (max-width: 980px) 980px, (min-width: 981px) 1024px, 100vw\" \/><\/figure>\n\n\n\n<h2 class=\"wp-block-heading\" id=\"orok-emlekek\"><strong>\u00d6r\u00f6k eml\u00e9kek<\/strong><\/h2>\n\n\n\n<p>A Le Til K\u00faria t\u00f6k\u00e9letes d\u00edszlet,&nbsp; de ink\u00e1bb \u00fagy mondan\u00e1nk: t\u00f6k\u00e9letes vil\u00e1g a <a href=\"https:\/\/letilkuria.hu\/en\/photography\/\">k\u00e9pekhez<\/a>. A f\u00e9nyek j\u00e1t\u00e9ka, a magas oszlopok, a klasszikus r\u00e9szletek, a f\u00fcgg\u00f6ny\u00f6k finom mozdulatai \u00e9s a kert egys\u00e9ge mind olyan k\u00e9peket ad, amelyek nemcsak sz\u00e9pek, hanem id\u0151t\u00e1ll\u00f3ak is.<\/p>\n\n\n\n<p>Itt a fot\u00f3k nem \u201ebe\u00e1ll\u00edt\u00e1sok\u201d lesznek, hanem t\u00f6rt\u00e9netmes\u00e9l\u00e9s: r\u00f3latok, a hangulatr\u00f3l, \u00e9s arr\u00f3l a k\u00fcl\u00f6nleges, egyszeri atmoszf\u00e9r\u00e1r\u00f3l, amit egy\u00fctt teremt\u00fcnk meg.<\/p>\n\n\n\n<h2 class=\"wp-block-heading\" id=\"osszegzes\"><strong>\u00d6sszegz\u00e9s<\/strong><\/h2>\n\n\n\n<p>A Le Til K\u00faria esk\u00fcv\u0151 szervez\u00e9si \u00e9lm\u00e9nye ott kezd\u0151dik, ahol a pillanat \u00f6r\u00f6kk\u00e9val\u00f3v\u00e1 v\u00e1lik. A barokk elegancia, a modern luxus \u00e9s a szem\u00e9lyre szabott gondoskod\u00e1s itt nem k\u00fcl\u00f6n\u00e1ll\u00f3 elemek, hanem egyetlen, harmonikus egys\u00e9g, amely v\u00e9gigvezet benneteket a tervez\u00e9st\u0151l a megval\u00f3s\u00edt\u00e1sig.<\/p>\n\n\n\n<p>Ha olyan esk\u00fcv\u0151t szeretn\u00e9tek, ahol a r\u00e9szletek val\u00f3ban a hely\u00fckre ker\u00fclnek, a napnak van ritmusa, \u00e9s ti k\u00f6zben nyugodtak tudtok maradni, akkor j\u00f3 helyen j\u00e1rtok. Legyetek r\u00e9szesei a p\u00e1ratlan Le Til \u00e9lm\u00e9nynek!<\/p>\n\n\n\n<p>Tov\u00e1bbi k\u00e9rd\u00e9s eset\u00e9n fordulj hozz\u00e1nk bizalommal, vagy vedd fel vel\u00fcnk a kapcsolatot <a href=\"https:\/\/letilkuria.hu\/en\/\">IDE<\/a> kattintva!<\/p>\n\n\n\n<h2 class=\"wp-block-heading\" id=\"elerhetosegek\"><strong>El\u00e9rhet\u0151s\u00e9gek<\/strong><\/h2>\n\n\n\n<p>+36 (20) 262 1111<br><a href=\"mailto:info@letilkuria.hu\">info@letilkuria.hu<\/a><\/p>\n\n\n\n<p class=\"bp-caption\"><br><strong>Fot\u00f3k:<\/strong> saj\u00e1t &amp; <a href=\"https:\/\/petrapakophotography.com\/\" target=\"_blank\" rel=\"noopener\">Petra Pako Photohraphy<\/a> &amp;<a href=\"https:\/\/veledszep.hu\/\" target=\"_blank\" rel=\"noopener\"> Veled sz\u00e9p<\/a><\/p>","protected":false},"excerpt":{"rendered":"<p>Fedezd fel a Le Til K\u00faria teljesk\u00f6r\u0171 esk\u00fcv\u0151szervez\u00e9s \u00e9lm\u00e9ny\u00e9t, ahol a barokk elegancia, a modern luxus \u00e9s a szem\u00e9lyre szabott gondoskod\u00e1s tal\u00e1lkozik, hogy a nagy napotok minden r\u00e9szlete pontosan olyan legyen, amilyennek meg\u00e1lmodt\u00e1tok!<\/p>","protected":false},"author":1,"featured_media":4699,"comment_status":"closed","ping_status":"open","sticky":false,"template":"","format":"standard","meta":{"_et_pb_use_builder":"off","_et_pb_old_content":"","_et_gb_content_width":"","footnotes":""},"categories":[1],"tags":[],"class_list":["post-4688","post","type-post","status-publish","format-standard","has-post-thumbnail","hentry","category-uncategorized-hu"],"_links":{"self":[{"href":"https:\/\/letilkuria.hu\/en\/wp-json\/wp\/v2\/posts\/4688","targetHints":{"allow":["GET"]}}],"collection":[{"href":"https:\/\/letilkuria.hu\/en\/wp-json\/wp\/v2\/posts"}],"about":[{"href":"https:\/\/letilkuria.hu\/en\/wp-json\/wp\/v2\/types\/post"}],"author":[{"embeddable":true,"href":"https:\/\/letilkuria.hu\/en\/wp-json\/wp\/v2\/users\/1"}],"replies":[{"embeddable":true,"href":"https:\/\/letilkuria.hu\/en\/wp-json\/wp\/v2\/comments?post=4688"}],"version-history":[{"count":0,"href":"https:\/\/letilkuria.hu\/en\/wp-json\/wp\/v2\/posts\/4688\/revisions"}],"wp:featuredmedia":[{"embeddable":true,"href":"https:\/\/letilkuria.hu\/en\/wp-json\/wp\/v2\/media\/4699"}],"wp:attachment":[{"href":"https:\/\/letilkuria.hu\/en\/wp-json\/wp\/v2\/media?parent=4688"}],"wp:term":[{"taxonomy":"category","embeddable":true,"href":"https:\/\/letilkuria.hu\/en\/wp-json\/wp\/v2\/categories?post=4688"},{"taxonomy":"post_tag","embeddable":true,"href":"https:\/\/letilkuria.hu\/en\/wp-json\/wp\/v2\/tags?post=4688"}],"curies":[{"name":"wp","href":"https:\/\/api.w.org\/{rel}","templated":true}]}}