{"id":4221,"date":"2025-12-10T15:11:00","date_gmt":"2025-12-10T15:11:00","guid":{"rendered":"https:\/\/letilkuria.hu\/?p=4221"},"modified":"2025-12-10T15:12:49","modified_gmt":"2025-12-10T15:12:49","slug":"5-erzekszervre-hato-eskuvo-amely-mesel","status":"publish","type":"post","link":"https:\/\/letilkuria.hu\/en\/5-erzekszervre-hato-eskuvo-amely-mesel\/","title":{"rendered":"5 \u00e9rz\u00e9kszervre hat\u00f3 esk\u00fcv\u0151, amely elmes\u00e9li szerelmetek t\u00f6rt\u00e9net\u00e9t"},"content":{"rendered":"<p>Egy esk\u00fcv\u0151 akkor v\u00e1lik igaz\u00e1n felejthetetlenn\u00e9, amikor nem csup\u00e1n sz\u00e9p, eleg\u00e1ns vagy j\u00f3l megtervezett, hanem minden \u00e9rz\u00e9kszervre hat. A l\u00e1tv\u00e1ny, a hangok, az \u00edzek, az illatok \u00e9s a tapint\u00e1s finom r\u00e9szletei egy\u00fctt hozz\u00e1k l\u00e9tre azt a bens\u0151s\u00e9ges, atmoszf\u00e9rikus \u00e9s harmonikus hangulatot, amely egy-egy pillanatb\u00f3l \u00e9letre sz\u00f3l\u00f3 eml\u00e9ket form\u00e1l.&nbsp;<\/p>\n\n\n\n<p>A Le Til K\u00faria var\u00e1zsa is pontosan ebben rejlik: a k\u00f6rnyezet term\u00e9szetess\u00e9ge \u00e9s eleganci\u00e1ja kiv\u00e9teles alapot ad egy olyan esk\u00fcv\u0151h\u00f6z, ahol az \u00f6t \u00e9rz\u00e9kre minden hat\u00e1ssal van. Az \u00e9lm\u00e9ny \u00edgy nemcsak l\u00e1tv\u00e1nyos, hanem m\u00e9lyen \u00e1t\u00e9lhet\u0151, eml\u00e9kezetes \u00e9s teljes.<\/p>\n\n\n\n<p>Minden \u00e9rz\u00e9kszervnek megvan a maga stimulusa, \u00e9s ezek kombin\u00e1l\u00e1s\u00e1val, valamint maxim\u00e1lis kihaszn\u00e1l\u00e1s\u00e1val az esk\u00fcv\u0151t\u00f6k \u00faj magass\u00e1gokba emelkedhet. Ennek \u00e9rdek\u00e9ben most \u00f6sszegy\u0171jt\u00f6tt\u00fck nektek azokat a finom r\u00e9szleteket, kreat\u00edv lehet\u0151s\u00e9geket \u00e9s tudatos megold\u00e1sokat, amelyek seg\u00edts\u00e9g\u00e9vel a Nagy Nap 5 \u00e9rz\u00e9kszervre hat\u00f3 esk\u00fcv\u0151 lehet. Tarts vel\u00fcnk, \u00e9s fedezd fel, hogyan v\u00e1lik az esk\u00fcv\u0151 egy olyan \u00e1t\u00e9lhet\u0151 \u00e9lm\u00e9nny\u00e9, amelyre ti \u00e9s vend\u00e9geitek is \u00f6r\u00f6kre eml\u00e9kezni fognak!<\/p>\n\n\n\n<div class=\"wp-block-rank-math-toc-block\" id=\"rank-math-toc\"><h2>Tartalomjegyz\u00e9k<\/h2><nav><ul><li class=\"\"><a href=\"#1-latas-amikor-a-latvanyvilag-mesel-helyettetek\">1. L\u00e1t\u00e1s: amikor a l\u00e1tv\u00e1nyvil\u00e1g mes\u00e9l helyettetek<\/a><\/li><li class=\"\"><a href=\"#2-hallas-amikor-a-ritmus-korbefon-benneteket\">2. Hall\u00e1s: amikor a ritmus k\u00f6rbefon benneteket<\/a><\/li><li class=\"\"><a href=\"#3-tapintas-amikor-a-reszletek-eletre-kelnek\">3. Tapint\u00e1s: amikor a r\u00e9szletek \u00e9letre kelnek\u00a0<\/a><\/li><li class=\"\"><a href=\"#4-izleles-amikor-az-izek-tortenetet-meselnek\">4. \u00cdzlel\u00e9s: amikor az \u00edzek t\u00f6rt\u00e9netet mes\u00e9lnek<\/a><\/li><li class=\"\"><a href=\"#5-illat-amikor-a-levego-is-emlekeket-hordoz\">5. Illat: amikor a leveg\u0151 is eml\u00e9keket hordoz<\/a><\/li><li class=\"\"><a href=\"#lezaras\">Lez\u00e1r\u00e1s<\/a><\/li><\/ul><\/nav><\/div>\n\n\n\n<figure class=\"wp-block-image aligncenter size-large\"><img loading=\"lazy\" decoding=\"async\" width=\"1024\" height=\"576\" src=\"https:\/\/letilkuria.hu\/wp-content\/uploads\/2-8-1024x576.jpg\" alt=\"5 \u00e9rz\u00e9kszervre hat\u00f3 esk\u00fcv\u0151\" class=\"wp-image-4223\" title=\"\" srcset=\"https:\/\/letilkuria.hu\/wp-content\/uploads\/2-8-980x551.jpg 980w, https:\/\/letilkuria.hu\/wp-content\/uploads\/2-8-480x270.jpg 480w\" sizes=\"(min-width: 0px) and (max-width: 480px) 480px, (min-width: 481px) and (max-width: 980px) 980px, (min-width: 981px) 1024px, 100vw\" \/><\/figure>\n\n\n\n<h2 class=\"wp-block-heading\" id=\"1-latas-amikor-a-latvanyvilag-mesel-helyettetek\">1. L\u00e1t\u00e1s: amikor a l\u00e1tv\u00e1nyvil\u00e1g mes\u00e9l helyettetek<\/h2>\n\n\n\n<p>A l\u00e1tv\u00e1ny az esk\u00fcv\u0151 egyik leger\u0151teljesebb \u00e9rz\u00e9kszervi \u00e9lm\u00e9nye \u2013 ez az els\u0151, amelyet a vend\u00e9geitek megtapasztalnak, \u00e9s amely meghat\u00e1rozza az eg\u00e9sz nap hangulat\u00e1t. \u00c9ppen ez\u00e9rt fontos, hogy a vizu\u00e1lis vil\u00e1g tudatosan fel\u00e9p\u00edtett, \u00f6sszhangban l\u00e9v\u0151 \u00e9s egy\u00e9rtelm\u0171en \u201eti vagytok\u201d t\u00edpus\u00fa legyen. A Le Til K\u00faria kifinomult tereiben minden vizu\u00e1lis elk\u00e9pzel\u00e9s k\u00f6nnyed\u00e9n \u00e9letre kelhet, legyen sz\u00f3 eleg\u00e1ns minimalizmusr\u00f3l, modern geometrikus dekor\u00e1ci\u00f3r\u00f3l vagy romantikus, vir\u00e1gokkal teli d\u00edsz\u00edt\u00e9sr\u0151l. A helysz\u00edn \u00e9p\u00edt\u00e9szeti sz\u00e9ps\u00e9ge, a term\u00e9szet k\u00f6zels\u00e9ge \u00e9s az enteri\u0151r id\u0151tlen eleganci\u00e1ja m\u00e1r \u00f6nmag\u00e1ban er\u0151s alapot ad, amelyre r\u00e1\u00e9p\u00fclhet a teljes vizu\u00e1lis koncepci\u00f3.<\/p>\n\n\n\n<p>A dekor\u00e1ci\u00f3kn\u00e1l fontos, hogy olyan elemeket v\u00e1lasszatok, amelyek kiemelik a st\u00edlusotokat: harmonikus vir\u00e1gkompoz\u00edci\u00f3k, gyertyaf\u00e9nyes asztalok, pr\u00e9mium text\u00edli\u00e1k, fine dining t\u00e1lal\u00e1s, leny\u0171g\u00f6z\u0151 f\u00e9nyinstall\u00e1ci\u00f3k \u00e9s gondosan megkompon\u00e1lt sz\u00ednpalett\u00e1k. A sz\u00ednek tudatos megv\u00e1laszt\u00e1sa ugyanis k\u00fcl\u00f6n\u00f6sen sokat hozz\u00e1tesz az \u00e9lm\u00e9nyhez \u2013 lehet j\u00e1t\u00e9kos, karakteres vagy eg\u00e9szen letisztult \u2013, \u00e9s v\u00e9gigmehet ak\u00e1r a vir\u00e1gokon \u00e1t a ter\u00edt\u00e9kig.&nbsp;<\/p>\n\n\n\n<p>A l\u00e1tv\u00e1ny fontos r\u00e9sze az is, hogy teret adunk a vend\u00e9geknek a pillanatok meg\u00f6r\u00f6k\u00edt\u00e9s\u00e9re. L\u00e1tv\u00e1nyos fot\u00f3falakkal, vir\u00e1ggal d\u00edsz\u00edtett h\u00e1tt\u00e9rinstall\u00e1ci\u00f3kkal, eleg\u00e1ns lounge-sarkokkal vagy egy m\u0171v\u00e9szien kialak\u00edtott backdroppal az esk\u00fcv\u0151 f\u00e9nyk\u00e9peken is \u00e9ppen olyan eml\u00e9kezetes legyen, mint \u00e9l\u0151ben.&nbsp;<\/p>\n\n\n\n<p>A Le Til K\u00fari\u00e1ban b\u00e1rmilyen vizu\u00e1lis koncepci\u00f3t meg tudunk val\u00f3s\u00edtani \u2013 legyen az egy \u00e1lomszer\u0171, gyertyaf\u00e9nyes cerem\u00f3nia-\u00fat, egy \u201eInstagram-worthy\u201d kivitelez\u00e9s vagy egy teljesen egyedi, szem\u00e9lyre szabott dekor\u00e1ci\u00f3s megold\u00e1s.<\/p>\n\n\n\n<figure class=\"wp-block-image aligncenter size-large\"><img loading=\"lazy\" decoding=\"async\" width=\"1024\" height=\"576\" src=\"https:\/\/letilkuria.hu\/wp-content\/uploads\/3-8-1024x576.jpg\" alt=\"\" class=\"wp-image-4224\" title=\"\" srcset=\"https:\/\/letilkuria.hu\/wp-content\/uploads\/3-8-980x551.jpg 980w, https:\/\/letilkuria.hu\/wp-content\/uploads\/3-8-480x270.jpg 480w\" sizes=\"(min-width: 0px) and (max-width: 480px) 480px, (min-width: 481px) and (max-width: 980px) 980px, (min-width: 981px) 1024px, 100vw\" \/><\/figure>\n\n\n\n<h2 class=\"wp-block-heading\" id=\"2-hallas-amikor-a-ritmus-korbefon-benneteket\">2. Hall\u00e1s: amikor a ritmus k\u00f6rbefon benneteket<\/h2>\n\n\n\n<p>A l\u00e1tv\u00e1ny ut\u00e1n a hangok azok, amelyek meghat\u00e1rozz\u00e1k a pillanatok \u00e9rzelmi m\u00e9lys\u00e9g\u00e9t. Egy j\u00f3l megv\u00e1lasztott dallam v\u00e9gigk\u00eds\u00e9ri az eg\u00e9sz napot, atmoszf\u00e9r\u00e1t teremt, valamint \u00f6sszek\u00f6ti a jelenl\u00e9v\u0151ket. A Le Til K\u00faria intim terei \u00e9s eleg\u00e1ns akusztik\u00e1ja k\u00fcl\u00f6n\u00f6sen alkalmas arra, hogy minden hang tiszt\u00e1n, gy\u00f6ny\u00f6r\u0171en \u00e9s \u00e9rzelmekkel telve sz\u00f3laljon meg.<\/p>\n\n\n\n<p>A hangz\u00e1svil\u00e1g egyik legmeghat\u00e1roz\u00f3bb eleme lehet az \u00e9l\u0151 zene. Van valami lehengerl\u0151 abban, ahogy egy von\u00f3sn\u00e9gyes els\u0151 hangjai bet\u00f6ltik a cerem\u00f3nia ter\u00e9t, vagy ahogy egy \u00e9nekes l\u00e1gy mel\u00f3di\u00e1ja ringatja a vend\u00e9gsereget.&nbsp;<\/p>\n\n\n\n<p>A vacsora vagy a cerem\u00f3nia speci\u00e1lis pillanataihoz harmonikusan pedig n\u00e1lunk ak\u00e1r harmonikusan illeszthet\u0151 egy \u00e9l\u0151 produkci\u00f3, vagy egy kifinomult \u00edzl\u00e9s\u0171 DJ. Egy j\u00f3 szakember ugyanis t\u00f6k\u00e9letesen \u00e9rzi a k\u00f6z\u00f6ns\u00e9get, mikor kell finoman visszavenni a temp\u00f3b\u00f3l, \u00e9s mikor kell felsz\u00edtani a t\u00e1ncparkett energi\u00e1j\u00e1t \u2013 ez az a k\u00fcl\u00f6nbs\u00e9g, amely egy sz\u00e9p est\u00e9t val\u00f3ban felejthetetlenn\u00e9 tesz.<\/p>\n\n\n\n<p>Fontos r\u00e9sze a hangz\u00e1svil\u00e1gnak a min\u0151s\u00e9gi technika is. Egy tiszt\u00e1n hallhat\u00f3 fogadalom, egy \u00e9rzelmes besz\u00e9d vagy egy j\u00f3l megkompon\u00e1lt zenei \u00e1tmenet elk\u00e9peszt\u0151en sokat ad a teljes \u00e9lm\u00e9nyhez. A Le Tilben minden adott hozz\u00e1, hogy a hangz\u00e1s ne csup\u00e1n h\u00e1tt\u00e9r legyen, hanem egy olyan k\u00eds\u00e9r\u0151, amely v\u00e9gigvezeti a napot a meghitt pillanatokt\u00f3l a felszabadult \u00fcnnepl\u00e9sig.<\/p>\n\n\n\n<figure class=\"wp-block-image aligncenter size-large\"><img loading=\"lazy\" decoding=\"async\" width=\"1024\" height=\"576\" src=\"https:\/\/letilkuria.hu\/wp-content\/uploads\/4-6-1024x576.jpg\" alt=\"\" class=\"wp-image-4225\" title=\"\" srcset=\"https:\/\/letilkuria.hu\/wp-content\/uploads\/4-6-980x551.jpg 980w, https:\/\/letilkuria.hu\/wp-content\/uploads\/4-6-480x270.jpg 480w\" sizes=\"(min-width: 0px) and (max-width: 480px) 480px, (min-width: 481px) and (max-width: 980px) 980px, (min-width: 981px) 1024px, 100vw\" \/><\/figure>\n\n\n\n<h2 class=\"wp-block-heading\" id=\"3-tapintas-amikor-a-reszletek-eletre-kelnek\">3. Tapint\u00e1s: amikor a r\u00e9szletek \u00e9letre kelnek\u00a0<\/h2>\n\n\n\n<p>A tapint\u00e1s sokszor \u00e9szrev\u00e9tlen\u00fcl van jelen az esk\u00fcv\u0151n, m\u00e9gis \u00f3ri\u00e1si szerepet j\u00e1tszik abban, hogy a nap eml\u00e9kezetes \u00e9s \u00e9rz\u00e9kileg gazdag legyen. A k\u00fcl\u00f6nb\u00f6z\u0151 anyagok, text\u00far\u00e1k \u00e9s fel\u00fcletek finom \u00e9rzete olyan tudatalatti \u00e9lm\u00e9nyt ad, amelyet a vend\u00e9gek nem felt\u00e9tlen\u00fcl tudnak megfogalmazni, m\u00e9gis magukkal visznek. A Le Til K\u00faria eleg\u00e1ns tereiben ez a dimenzi\u00f3 k\u00fcl\u00f6n\u00f6sen sz\u00e9pen bontakozik ki, hiszen minden r\u00e9szlet \u2013 a szalv\u00e9t\u00e1k tapint\u00e1s\u00e1t\u00f3l a b\u00fatorok strukt\u00far\u00e1j\u00e1ig \u2013 t\u00e1mogatja a Nagy Napotok atmoszf\u00e9r\u00e1j\u00e1t.<\/p>\n\n\n\n<p>A tapint\u00e1s \u00e9lm\u00e9ny\u00e9t tov\u00e1bb gazdag\u00edthatj\u00e1k az interakt\u00edv pontok\/sarkok: olyan apr\u00f3 \u00e1llom\u00e1sok, ahol a vend\u00e9gek \u201ebele\u00e9rinthetnek\u201d az \u00e9lm\u00e9nybe. Ilyen lehet ak\u00e1r egy eml\u00e9k\u00fcveg, ahov\u00e1 a vend\u00e9gek k\u00e9zzel \u00edrt, kis pap\u00edrra r\u00f6gz\u00edtett gondolatokat helyezhetnek el, vagy egy saj\u00e1t, italkever\u0151 \u00e1llom\u00e1s. Ezek a kis \u201e\u00e9rint\u00e9si pontok\u201d k\u00f6zelebb hozz\u00e1k az \u00e9lm\u00e9nyt, \u00e9s j\u00e1t\u00e9kos, m\u00e9gis m\u00e9lyen szem\u00e9lyes dimenzi\u00f3t adnak a napnak.<\/p>\n\n\n\n<figure class=\"wp-block-image aligncenter size-large\"><img loading=\"lazy\" decoding=\"async\" width=\"1024\" height=\"576\" src=\"https:\/\/letilkuria.hu\/wp-content\/uploads\/5-6-1024x576.jpg\" alt=\"\" class=\"wp-image-4226\" title=\"\" srcset=\"https:\/\/letilkuria.hu\/wp-content\/uploads\/5-6-980x551.jpg 980w, https:\/\/letilkuria.hu\/wp-content\/uploads\/5-6-480x270.jpg 480w\" sizes=\"(min-width: 0px) and (max-width: 480px) 480px, (min-width: 481px) and (max-width: 980px) 980px, (min-width: 981px) 1024px, 100vw\" \/><\/figure>\n\n\n\n<h2 class=\"wp-block-heading\" id=\"4-izleles-amikor-az-izek-tortenetet-meselnek\">4. \u00cdzlel\u00e9s: amikor az \u00edzek t\u00f6rt\u00e9netet mes\u00e9lnek<\/h2>\n\n\n\n<p>Az \u00edzek a legm\u00e9lyebb eml\u00e9keket k\u00e9pesek el\u0151h\u00edvni, ez\u00e9rt a gasztron\u00f3mia minden esk\u00fcv\u0151 egyik legmeghat\u00e1roz\u00f3bb \u00e9lm\u00e9nye. Egy j\u00f3l \u00f6ssze\u00e1ll\u00edtott men\u00fc nem csup\u00e1n \u00e9tkez\u00e9s, hanem hangulat, kult\u00fara, szem\u00e9lyes t\u00f6rt\u00e9net \u00e9s k\u00f6z\u00f6s \u00e9lm\u00e9ny is. A Le Til K\u00fari\u00e1ban az \u00edzek vil\u00e1ga ugyanolyan hangs\u00falyos szerepet kap, mint a l\u00e1tv\u00e1ny vagy a zene, hiszen itt minden falat az \u00fcnnep r\u00e9sze, \u00e9s minden fog\u00e1s hozz\u00e1tesz valamit a nap \u00e9rzelmi t\u00e9rk\u00e9p\u00e9hez.<\/p>\n\n\n\n<p>Az els\u0151 l\u00e9p\u00e9s a gondos men\u00fctervez\u00e9s, amely lehet klasszikus, modern, vagy ak\u00e1r teljesen egyedi \u2013 a l\u00e9nyeg, hogy val\u00f3ban r\u00f3latok sz\u00f3ljon. Szeretn\u00e9tek visszahozni egy gyerekkori kedvenc \u00e9tel \u00edz\u00e9t? Esetleg szeretn\u00e9tek megjelen\u00edteni k\u00e9t csal\u00e1d k\u00fcl\u00f6nb\u00f6z\u0151 konyh\u00e1inak jellegzetess\u00e9geit? A K\u00faria s\u00e9fjeivel ez mind megval\u00f3s\u00edthat\u00f3. N\u00e1lunk b\u00e1trabban v\u00e1laszthattok k\u00fcl\u00f6nleges alapanyagokat, vagy ak\u00e1r t\u00f6bb fog\u00e1sb\u00f3l \u00e1ll\u00f3 \u00e9telsorokat is.<\/p>\n\n\n\n<p>Az esk\u00fcv\u0151i \u00e9lm\u00e9nyt k\u00fcl\u00f6n\u00f6sen magas szintre emelik a signature italok, amikkel szem\u00e9lyes t\u00f6rt\u00e9netet adhattok minden poh\u00e1rnak. Lehet ez egy kokt\u00e9l, amely az els\u0151 randit id\u00e9zi, egy k\u00f6nnyed, illatos mocktail azokra gondolva, akik nem fogyasztanak alkoholt, vagy egy l\u00e1tv\u00e1nyos t\u00e1lal\u00e1s\u00fa ital, amely azonnal feldobja az esti hangulatot. A Le Tillel minden \u00edzvil\u00e1g megkompon\u00e1lhat\u00f3, a vizu\u00e1lis show-elemek pedig tov\u00e1bb er\u0151s\u00edtik az \u00e9lm\u00e9nyt \u2013 hiszen egy ital is lehet eml\u00e9k.<\/p>\n\n\n\n<p>A desszertasztal, vagy esetlegesen egy mozg\u00f3 Tiramisu \u00e1llom\u00e1s a nap egyik legvar\u00e1zslatosabb pontja lehet, ahol a sz\u00e9ps\u00e9g \u00e9s az \u00edz egyszerre ker\u00fcl el\u0151t\u00e9rbe.&nbsp;<\/p>\n\n\n\n<p>\u00c9s ha m\u00e1r a vend\u00e9gek \u00e9lm\u00e9ny\u00e9r\u0151l van sz\u00f3: az \u00e9jszakai falatok mindig \u00f3ri\u00e1si sikert aratnak. Egy hossz\u00fa, t\u00e1ncos este ut\u00e1n mindenki h\u00e1l\u00e1s lesz egy meleg, frissen k\u00e9sz\u00fclt snack\u00e9rt, amely visszaadja az energi\u00e1t. Lehet ez mini burgerek v\u00e1logat\u00e1sa, egy mediterr\u00e1n tapas pult, BBQ falatok, vagy ak\u00e1r tematikus street food \u00e1llom\u00e1s \u2013 a lehet\u0151s\u00e9gek sz\u00e1ma szinte v\u00e9gtelen, \u00e9s mindet a K\u00faria csapata \u00f6r\u00f6mmel seg\u00edt \u00e9letre h\u00edvni.<\/p>\n\n\n\n<p>Az \u00edzek teh\u00e1t nem csup\u00e1n kiszolg\u00e1lj\u00e1k az esem\u00e9nyt, hanem alak\u00edtj\u00e1k is. Egy j\u00f3 men\u00fc \u00f6sszek\u00f6t, eml\u00e9ket teremt, \u00e9s hossz\u00fa \u00e9vekkel k\u00e9s\u0151bb is felid\u00e9zhet\u0151en mes\u00e9l arr\u00f3l, milyen volt az a nap.<\/p>\n\n\n\n<figure class=\"wp-block-image aligncenter size-large\"><img loading=\"lazy\" decoding=\"async\" width=\"1024\" height=\"576\" src=\"https:\/\/letilkuria.hu\/wp-content\/uploads\/6-5-1024x576.jpg\" alt=\"\" class=\"wp-image-4227\" title=\"\" srcset=\"https:\/\/letilkuria.hu\/wp-content\/uploads\/6-5-980x551.jpg 980w, https:\/\/letilkuria.hu\/wp-content\/uploads\/6-5-480x270.jpg 480w\" sizes=\"(min-width: 0px) and (max-width: 480px) 480px, (min-width: 481px) and (max-width: 980px) 980px, (min-width: 981px) 1024px, 100vw\" \/><\/figure>\n\n\n\n<h2 class=\"wp-block-heading\" id=\"5-illat-amikor-a-levego-is-emlekeket-hordoz\">5. Illat: amikor a leveg\u0151 is eml\u00e9keket hordoz<\/h2>\n\n\n\n<p>Az illatok az egyik leger\u0151sebb \u00e9rzelmi kapcsol\u00f3d\u00e1st teremtik: egyetlen finom arom\u00e1val k\u00e9pesek \u00e9vekkel k\u00e9s\u0151bb is felid\u00e9zni egy pillanatot, egy \u00e9rz\u00e9st, egy hangulatot. Emiatt az 5 \u00e9rz\u00e9kszervre hat\u00f3 esk\u00fcv\u0151k egyik legfontosabb eleme a tudatos illatvil\u00e1g megalkot\u00e1sa. A Le Til K\u00fari\u00e1ban k\u00fcl\u00f6n\u00f6sen figyel\u00fcnk arra, hogy a t\u00e9rnek saj\u00e1t, harmonikus illatkaraktere legyen \u2013 olyan, amely nem tolakod\u00f3, m\u00e9gis finoman belesimul a nap \u00e9lm\u00e9ny\u00e9be \u00e9s hossz\u00fa t\u00e1von eml\u00e9kk\u00e9nt is megmarad.<\/p>\n\n\n\n<p>Az \u00e9lm\u00e9ny alapja sokszor a friss vir\u00e1g. A val\u00f3di vir\u00e1gillat \u2013 r\u00f3zsa, levendula, eukaliptusz, gard\u00e9nia vagy liliom \u2013 term\u00e9szetes eleganci\u00e1t ad a t\u00e9rnek, \u00e9s k\u00fcl\u00f6n\u00f6sen j\u00f3l m\u0171k\u00f6dik a romantikus, klasszikus hangulat\u00fa esk\u00fcv\u0151k\u00f6n. A kisebb l\u00e9tsz\u00e1m\u00fa vagy intimebb esem\u00e9nyeken b\u00e1tran haszn\u00e1lhatunk karakteresebb vir\u00e1gfajt\u00e1kat is, hiszen kevesebb asztalon, kevesebb t\u00e9rben er\u0151teljesebben tud \u00e9rv\u00e9nyes\u00fclni az illatuk. A K\u00faria kertje \u00e9s bels\u0151 terei ide\u00e1lis h\u00e1tt\u00e9r ahhoz, hogy ezeket a kompoz\u00edci\u00f3kat finoman, m\u00e9gis mark\u00e1nsan megjelen\u00edts\u00fck.<\/p>\n\n\n\n<p>A term\u00e9szetes illatok mellett egyre t\u00f6bben v\u00e1lasztanak tematikus vagy szem\u00e9lyre szabott illat\u00e9lm\u00e9nyt is. Egy illatp\u00e1r \u2013 amelyet kifejezetten a p\u00e1r st\u00edlus\u00e1ra, a dekor\u00e1ci\u00f3ra vagy a helysz\u00edn atmoszf\u00e9r\u00e1j\u00e1ra hangolunk \u2013 k\u00fcl\u00f6nleges, exkluz\u00edv jegyk\u00e9nt jelenhet meg az eg\u00e9sz napon. Lehet ez egy f\u00e1s, meleg aroma t\u00e9li esk\u00fcv\u0151kh\u00f6z, vagy k\u00f6nnyed, citrusos illat ny\u00e1ri esem\u00e9nyekhez. Ezeket elhelyezhetj\u00fck a bej\u00e1ratn\u00e1l, a vacsorat\u00e9rben vagy ak\u00e1r az esti buli helysz\u00edn\u00e9n, \u00edgy minden szakasz finoman m\u00e1s \u00e9rzetet kelt, m\u00e9gis harmonikus marad az eg\u00e9sz \u00e9lm\u00e9ny.<\/p>\n\n\n\n<p>Az illatok tudatos haszn\u00e1lata teh\u00e1t nem csup\u00e1n dekor\u00e1ci\u00f3, hanem \u00e9lm\u00e9ny. Olyan l\u00e1thatatlan r\u00e9teg, amely \u00f6sszefogja a l\u00e1tv\u00e1nyt, a zen\u00e9t, a text\u00far\u00e1kat \u00e9s az \u00edzeket, \u00e9s olyan eml\u00e9kk\u00e9 form\u00e1lja a napot, amelyet el\u00e9g lesz egyetlen illat, \u00e9s \u00fajra \u00e1t\u00e9lhet\u0151v\u00e9 v\u00e1lik.<\/p>\n\n\n\n<h2 class=\"wp-block-heading\" id=\"lezaras\">Lez\u00e1r\u00e1s<\/h2>\n\n\n\n<p>Ha tudatosan megsz\u00f3l\u00edtj\u00e1tok mind az \u00f6t \u00e9rz\u00e9kszervet a nagy napon, akkor nem csup\u00e1n egy gy\u00f6ny\u00f6r\u0171 \u00fcnnepl\u00e9st teremtetek; hanem egy olyan sokr\u00e9teg\u0171 \u00e9lm\u00e9nyt, amely igaz\u00e1n r\u00f3latok mes\u00e9l.<\/p>\n\n\n\n<p>A Le Til K\u00faria csapata \u00f6r\u00f6mmel t\u00e1mogat benneteket abban, hogy ez a 5 \u00e9rz\u00e9kszervre hat\u00f3 esk\u00fcv\u0151 minden r\u00e9szlet\u00e9ben kibontakozzon. Tudjuk, mennyi \u00e9rt\u00e9ket hordoznak az egy\u00e9ni t\u00f6rt\u00e9netek \u00e9s a szem\u00e9lyes hangulatok, \u00e9s mindent megtesz\u00fcnk az\u00e9rt, hogy az esk\u00fcv\u0151t\u00f6k napja val\u00f3ban a kett\u0151t\u00f6k vil\u00e1g\u00e1t t\u00fckr\u00f6zze: eleg\u00e1nsan, harmonikusan, eml\u00e9kezetesen.<\/p>\n\n\n\n<p>Keressetek minket bizalommal, \u00e9s kezdj\u00fck el egy\u00fctt fel\u00e9p\u00edteni \u00e1lom esk\u00fcv\u0151t\u00f6ket!&nbsp;<\/p>\n\n\n\n<h2 class=\"wp-block-heading\" id=\"elerhetosegek\">El\u00e9rhet\u0151s\u00e9gek:<\/h2>\n\n\n\n<p><a href=\"tel:+36202621111\" data-type=\"tel\" data-id=\"tel:+36202621111\">+36 (20) 262 1111<br><\/a><a href=\"mailto:info@letilkuria.hu\">info@letilkuria.hu<\/a><br><a href=\"https:\/\/letilkuria.hu\/en\/\">letilkuria.hu<\/a><\/p>\n\n\n\n<p class=\"bp-caption\">Fot\u00f3k: <a href=\"https:\/\/feyerphoto.com\/\" target=\"_blank\" rel=\"noopener\">Feyer Photography<\/a><\/p>","protected":false},"excerpt":{"rendered":"<p>Fedezz\u00e9tek fel, hogyan k\u00e9sz\u00fclhet 5 \u00e9rz\u00e9kszervre hat\u00f3 esk\u00fcv\u0151 a Le Til K\u00fari\u00e1ban! L\u00e1tv\u00e1ny, hangok, \u00edzek, illatok \u00e9s tapint\u00e1s harm\u00f3ni\u00e1ja, avagy minden, amit\u0151l a Nagy Nap felejthetetlenn\u00e9 v\u00e1lik.<\/p>","protected":false},"author":1,"featured_media":4222,"comment_status":"closed","ping_status":"open","sticky":false,"template":"","format":"standard","meta":{"_et_pb_use_builder":"off","_et_pb_old_content":"","_et_gb_content_width":"","footnotes":""},"categories":[1],"tags":[],"class_list":["post-4221","post","type-post","status-publish","format-standard","has-post-thumbnail","hentry","category-uncategorized-hu"],"_links":{"self":[{"href":"https:\/\/letilkuria.hu\/en\/wp-json\/wp\/v2\/posts\/4221","targetHints":{"allow":["GET"]}}],"collection":[{"href":"https:\/\/letilkuria.hu\/en\/wp-json\/wp\/v2\/posts"}],"about":[{"href":"https:\/\/letilkuria.hu\/en\/wp-json\/wp\/v2\/types\/post"}],"author":[{"embeddable":true,"href":"https:\/\/letilkuria.hu\/en\/wp-json\/wp\/v2\/users\/1"}],"replies":[{"embeddable":true,"href":"https:\/\/letilkuria.hu\/en\/wp-json\/wp\/v2\/comments?post=4221"}],"version-history":[{"count":0,"href":"https:\/\/letilkuria.hu\/en\/wp-json\/wp\/v2\/posts\/4221\/revisions"}],"wp:featuredmedia":[{"embeddable":true,"href":"https:\/\/letilkuria.hu\/en\/wp-json\/wp\/v2\/media\/4222"}],"wp:attachment":[{"href":"https:\/\/letilkuria.hu\/en\/wp-json\/wp\/v2\/media?parent=4221"}],"wp:term":[{"taxonomy":"category","embeddable":true,"href":"https:\/\/letilkuria.hu\/en\/wp-json\/wp\/v2\/categories?post=4221"},{"taxonomy":"post_tag","embeddable":true,"href":"https:\/\/letilkuria.hu\/en\/wp-json\/wp\/v2\/tags?post=4221"}],"curies":[{"name":"wp","href":"https:\/\/api.w.org\/{rel}","templated":true}]}}