{"id":4184,"date":"2025-12-09T09:15:08","date_gmt":"2025-12-09T09:15:08","guid":{"rendered":"https:\/\/letilkuria.hu\/?p=4184"},"modified":"2025-12-09T09:48:12","modified_gmt":"2025-12-09T09:48:12","slug":"a-tokeletes-teli-eskuvoi-ruha-nyomaban","status":"publish","type":"post","link":"https:\/\/letilkuria.hu\/en\/a-tokeletes-teli-eskuvoi-ruha-nyomaban\/","title":{"rendered":"A t\u00f6k\u00e9letes t\u00e9li esk\u00fcv\u0151i ruha nyom\u00e1ban: st\u00edlusok, anyagok \u00e9s kieg\u00e9sz\u00edt\u0151k"},"content":{"rendered":"<p>A t\u00e9li esk\u00fcv\u0151 nem csup\u00e1n egy szezon\u00e1lis esem\u00e9ny, hanem egy \u00e9let\u00e9rz\u00e9s is: az ilyenkor eluralkod\u00f3 eleg\u00e1ns, csendes \u00fcnnepi hangulat v\u00e9gtelen\u00fcl romantikus keretet tud biztos\u00edtani \u00e9letetek legfontosabb napja k\u00f6r\u00e9.&nbsp; A Le Til K\u00fari\u00e1ban a t\u00e9li var\u00e1zs pedig k\u00fcl\u00f6n\u00f6sen er\u0151teljes: a h\u00f3val bor\u00edtott kert, a gyerty\u00e1k f\u00e9nye, a meleg enteri\u0151r \u00e9s a szertart\u00e1s meghitts\u00e9ge egy\u00fctt teremtik meg azt az atmoszf\u00e9r\u00e1t, amelyhez egy klasszikus ny\u00e1ri esk\u00fcv\u0151i ruha egyszer\u0171en nem lenne el\u00e9g. Ide valami k\u00fcl\u00f6nleges kell\u2026 Egy igazi \u201cstatement\u201d darab. Szerencs\u00e9re, a t\u00e9li esk\u00fcv\u0151i ruh\u00e1k k\u00f6z\u00f6tt sok ilyen van: a szezon text\u00far\u00e1i, anyagai, f\u00e9nyei \u00e9s r\u00e9szletei lehet\u0151s\u00e9get adnak arra, hogy olyan megjelen\u00e9st alkoss, amely \u00fcnnepi, id\u0151tlen \u00e9s igaz\u00e1n hozz\u00e1d ill\u0151.<\/p>\n\n\n\n<p>N\u00e9zz\u00fck, hogyan \u00e9rdemes gondolkodni, ha Le Til-esk\u00fcv\u0151re v\u00e1lasztasz ruh\u00e1t!<\/p>\n\n\n\n<div class=\"wp-block-rank-math-toc-block\" id=\"rank-math-toc\"><h2>Tartalomjegyz\u00e9k<\/h2><nav><ul><li class=\"\"><a href=\"#1-anyagok-amelyek-eletre-keltik-a-teli-hangulatot\">Anyagok, amelyek \u00e9letre keltik a t\u00e9li hangulatot<\/a><\/li><li class=\"\"><a href=\"#2-szabasok-amelyekben-nemcsak-gyonyoru-hanem-komfortos-is-leszel\">Szab\u00e1sok, amelyekben nemcsak gy\u00f6ny\u00f6r\u0171, hanem komfortos is leszel<\/a><\/li><li class=\"\"><a href=\"#3-kiegeszitok-amelyek-teli-meseve-formaljak-a-megjelenest\">Kieg\u00e9sz\u00edt\u0151k, amelyek t\u00e9li mes\u00e9v\u00e9 form\u00e1lj\u00e1k a megjelen\u00e9st<\/a><\/li><li class=\"\"><a href=\"#4-szinvilag-teli-menyasszonyoknak\">Sz\u00ednvil\u00e1g t\u00e9li menyasszonyoknak<\/a><\/li><li class=\"\"><a href=\"#top-5-teli-eskuvoi-ruha-a-brides-cominspiracioi-alapjan\">TOP 5 t\u00e9li esk\u00fcv\u0151i ruha a Brides.com inspir\u00e1ci\u00f3i alapj\u00e1n<\/a><\/li><li class=\"\"><a href=\"#lezaras\">Lez\u00e1r\u00e1s<\/a><\/li><\/ul><\/nav><\/div>\n\n\n\n<figure class=\"wp-block-image aligncenter size-large\"><img loading=\"lazy\" decoding=\"async\" width=\"1024\" height=\"576\" src=\"https:\/\/letilkuria.hu\/wp-content\/uploads\/2-6-1024x576.jpg\" alt=\"t\u00e9li esk\u00fcv\u0151i ruha\" class=\"wp-image-4186\" title=\"\" srcset=\"https:\/\/letilkuria.hu\/wp-content\/uploads\/2-6-980x551.jpg 980w, https:\/\/letilkuria.hu\/wp-content\/uploads\/2-6-480x270.jpg 480w\" sizes=\"(min-width: 0px) and (max-width: 480px) 480px, (min-width: 481px) and (max-width: 980px) 980px, (min-width: 981px) 1024px, 100vw\" \/><\/figure>\n\n\n\n<h2 class=\"wp-block-heading\" id=\"1-anyagok-amelyek-eletre-keltik-a-teli-hangulatot\">1. Anyagok, amelyek \u00e9letre keltik a t\u00e9li hangulatot<\/h2>\n\n\n\n<p>A hideg \u00e9vszak egyik legnagyobb aj\u00e1nd\u00e9ka az, hogy b\u00e1tran v\u00e1laszthatsz gazdagabb, struktur\u00e1ltabb, s\u00falyosabb anyagokat, amelyek m\u00e1shol t\u00fal soknak t\u0171nn\u00e9nek, de t\u00e9len t\u00f6k\u00e9letesen m\u0171k\u00f6dnek.<\/p>\n\n\n\n<p><strong>Aj\u00e1nlott anyagok:<\/strong><\/p>\n\n\n\n<ul class=\"wp-block-list\">\n<li class=\"has-black-color has-text-color has-link-color wp-elements-b98d46411b2e8e3b1c363a11ca109b92\">Szat\u00e9n: f\u00e9nyes, eleg\u00e1ns, remek tart\u00e1ssal.<\/li>\n\n\n\n<li class=\"has-black-color has-text-color has-link-color wp-elements-fb21ccaa935143b160605ea96c584ac3\">B\u00e1rsony: luxus \u00e9s melegs\u00e9g egyszerre.<\/li>\n\n\n\n<li class=\"has-black-color has-text-color has-link-color wp-elements-167a9eda98f86d2b8925dd4d1960eb39\">Brok\u00e1t: k\u00fcl\u00f6nleges text\u00fara, avagy igazi \u00fcnnepi hat\u00e1s.<\/li>\n\n\n\n<li class=\"has-black-color has-text-color has-link-color wp-elements-c3f3d17da8ba8ed583ea82ebea915cc2\">Mik\u00e1d\u00f3: modern, letisztult, kir\u00e1lyn\u0151i.<\/li>\n<\/ul>\n\n\n\n<p>Ezek az anyagok nemcsak melegek, hanem optikailag is gazdagabbak, eleg\u00e1nsabbak, avagy t\u00f6k\u00e9letesen passzolnak a t\u00e9li k\u00f6rnyezethez \u00e9s a K\u00faria eleg\u00e1ns falaihoz.&nbsp;<\/p>\n\n\n\n<p><strong>Anyagok, amelyeket mindenk\u00e9ppen mell\u0151zz:<\/strong><\/p>\n\n\n\n<p>A k\u00f6nnyed t\u00fcll, chiffon, organza vagy a nagyon v\u00e9kony r\u00e9tegek h\u0171v\u00f6s id\u0151ben ink\u00e1bb kell\u00e9knek val\u00f3k. Ha mindenk\u00e9ppen szeretn\u00e9d haszn\u00e1lni \u0151ket, akkor kombin\u00e1ld \u0151ket melegebb text\u00far\u00e1kkal!<\/p>\n\n\n\n<h2 class=\"wp-block-heading\" id=\"2-szabasok-amelyekben-nemcsak-gyonyoru-hanem-komfortos-is-leszel\">2. Szab\u00e1sok, amelyekben nemcsak gy\u00f6ny\u00f6r\u0171, hanem komfortos is leszel<\/h2>\n\n\n\n<p>Szerencs\u00e9re rengeteg fazon t\u00e1mogatja a melegs\u00e9get, an\u00e9lk\u00fcl, hogy kompromisszumot kellene k\u00f6tn\u00f6d a st\u00edlusban.<\/p>\n\n\n\n<p><strong>Ilyenek lehetnek pl.:<\/strong><\/p>\n\n\n\n<ul class=\"wp-block-list\">\n<li class=\"has-black-color has-text-color has-link-color wp-elements-0a42b2a062d7aeca4aedaa2c18729d11\">Hossz\u00fa ujj\u00fa ruh\u00e1k: csipk\u00e9vel, mik\u00e1d\u00f3val vagy ak\u00e1r b\u00e1rsonnyal.<\/li>\n\n\n\n<li class=\"has-black-color has-text-color has-link-color wp-elements-1a114e6d7a2412fcfe49701516e15f21\">Magas nyak\u00fa, z\u00e1rtabb fels\u0151k: amelyek klasszikus, kir\u00e1lyn\u0151i, eleg\u00e1ns megjelen\u00e9st sug\u00e1roznak.<\/li>\n\n\n\n<li class=\"has-black-color has-text-color has-link-color wp-elements-40089f3995a4277288ab9cc1be753753\">R\u00e9tegezett szokny\u00e1k: A-vonal vagy ball-gown fazonokkal.<\/li>\n\n\n\n<li class=\"has-black-color has-text-color has-link-color wp-elements-9eec5f4ed3fb6b0658297a6bc98272bf\">Letisztult, modern szab\u00e1s: krepp vagy mik\u00e1d\u00f3 anyagb\u00f3l, ha minimalista eleganci\u00e1t keresel.<\/li>\n<\/ul>\n\n\n\n<p>A t\u00f6bb r\u00e9teg amellett, hogy meleg\u00edt, gy\u00f6ny\u00f6r\u0171 es\u00e9st ad a szokny\u00e1nak, \u00e9s k\u00fcl\u00f6n\u00f6sen j\u00f3l mutat k\u00fclt\u00e9ri fot\u00f3z\u00e1sokn\u00e1l. Azon k\u00edv\u00fcl is, hogy ezek rendk\u00edv\u00fcl el\u0151ny\u00f6sek, teh\u00e1t alakt\u00f3l f\u00fcggetlen\u00fcl biztos, hogy ragyogni fogsz ezekben a mennyasszonyi ruh\u00e1kban.<\/p>\n\n\n\n<figure class=\"wp-block-image aligncenter size-large\"><img loading=\"lazy\" decoding=\"async\" width=\"1024\" height=\"576\" src=\"https:\/\/letilkuria.hu\/wp-content\/uploads\/3-6-1024x576.jpg\" alt=\"\" class=\"wp-image-4187\" title=\"\" srcset=\"https:\/\/letilkuria.hu\/wp-content\/uploads\/3-6-980x551.jpg 980w, https:\/\/letilkuria.hu\/wp-content\/uploads\/3-6-480x270.jpg 480w\" sizes=\"(min-width: 0px) and (max-width: 480px) 480px, (min-width: 481px) and (max-width: 980px) 980px, (min-width: 981px) 1024px, 100vw\" \/><\/figure>\n\n\n\n<h2 class=\"wp-block-heading\" id=\"3-kiegeszitok-amelyek-teli-meseve-formaljak-a-megjelenest\"><strong>3. Kieg\u00e9sz\u00edt\u0151k, amelyek t\u00e9li mes\u00e9v\u00e9 form\u00e1lj\u00e1k a megjelen\u00e9st<\/strong><\/h2>\n\n\n\n<p>Egy t\u00e9li esk\u00fcv\u0151i ruha nem lehet teljes a megfelel\u0151 kieg\u00e9sz\u00edt\u0151k n\u00e9lk\u00fcl. Ezek adj\u00e1k meg azt a pluszt, amit\u0151l val\u00f3di mesebeli lesz a hangulat&nbsp;<\/p>\n\n\n\n<p>V\u00e1logass b\u00e1tran az al\u00e1bbiak k\u00f6z\u00fcl!&nbsp;<\/p>\n\n\n\n<p><strong>Elengedhetetlen kieg\u00e9sz\u00edt\u0151k<\/strong><\/p>\n\n\n\n<ul class=\"wp-block-list\">\n<li class=\"has-black-color has-text-color has-link-color wp-elements-3212f3d749ae9757b1b627ebdda2b709\">Pr\u00e9mes boler\u00f3<\/li>\n\n\n\n<li class=\"has-black-color has-text-color has-link-color wp-elements-23fb46a51f919829110a9daf033850f2\">Eleg\u00e1ns st\u00f3la<\/li>\n\n\n\n<li class=\"has-black-color has-text-color has-link-color wp-elements-45e66b2fdcdfbec3629de421e9ce715a\">Pal\u00e1st vagy k\u00f6peny<\/li>\n\n\n\n<li class=\"has-black-color has-text-color has-link-color wp-elements-7ee0ea295072fdb1c2e45bd97f960482\">Sz\u0151rmehat\u00e1s\u00fa v\u00e1llkend\u0151<\/li>\n<\/ul>\n\n\n\n<p>A k\u00fclt\u00e9ri fot\u00f3z\u00e1sn\u00e1l \u00e9letment\u0151k\u2026 \u00e9s nem utols\u00f3 sorban, elk\u00e9peszt\u0151en j\u00f3l mutatnak a fot\u00f3kon.<\/p>\n\n\n\n<p><strong>Praktikus, de eleg\u00e1ns v\u00e1laszt\u00e1sok<\/strong><\/p>\n\n\n\n<ul class=\"wp-block-list\">\n<li class=\"has-black-color has-text-color has-link-color wp-elements-a3f0dfbcb48ca82d2a7e65e1843c98a6\">Z\u00e1rt cip\u0151 vagy csizma: ak\u00e1r h\u00f3feh\u00e9r, vagy gy\u00f6ngy\u00f6s.<\/li>\n\n\n\n<li class=\"has-black-color has-text-color has-link-color wp-elements-c7f2bdf42b2a58e182e53b4f4bc8e591\">Meleg harisnya: ak\u00e1r nude, ak\u00e1r finom csillog\u00f3.<\/li>\n\n\n\n<li class=\"has-black-color has-text-color has-link-color wp-elements-9390ede8464c76db898ec44edb837119\">Eleg\u00e1nsan csillog\u00f3 hajd\u00edszek, tiar\u00e1k: a f\u00e9nyek t\u00e9len sokkal karakteresebben ver\u0151dnek vissza r\u00f3luk, sz\u00f3val haszn\u00e1ld ki!<\/li>\n<\/ul>\n\n\n\n<h2 class=\"wp-block-heading\" id=\"4-szinvilag-teli-menyasszonyoknak\">4. Sz\u00ednvil\u00e1g t\u00e9li menyasszonyoknak<\/h2>\n\n\n\n<p>A h\u00f3feh\u00e9r klasszikus, de t\u00e9len gy\u00f6ny\u00f6r\u0171 alternat\u00edv\u00e1k is vannak. Ezek a k\u00f6vetkez\u0151k:&nbsp;<\/p>\n\n\n\n<ul class=\"wp-block-list\">\n<li class=\"has-black-color has-text-color has-link-color wp-elements-f628007ddcd4bae1332614ece25ba119\">Icy white \/ j\u00e9gfeh\u00e9r<\/li>\n\n\n\n<li class=\"has-black-color has-text-color has-link-color wp-elements-0964864cfa4f0e9b0c74b227739fa0a0\">Ez\u00fcst\u00f6s \u00e1rnyalatok<\/li>\n\n\n\n<li class=\"has-black-color has-text-color has-link-color wp-elements-d1e0bfe202e13bd7438605549d74aa61\">Platina t\u00f3nusok<\/li>\n\n\n\n<li class=\"has-black-color has-text-color has-link-color wp-elements-3886eebd282e54a46503a9c6a0d74fb5\">Gy\u00f6ngyh\u00e1z f\u00e9ny<\/li>\n\n\n\n<li class=\"has-black-color has-text-color has-link-color wp-elements-cd7ce064d8127ed19d8fdf8b91ffb095\">Finom met\u00e1ld\u00edsz\u00edt\u00e9s<\/li>\n<\/ul>\n\n\n\n<p>Ha ezekre teszed le a voksod, az garant\u00e1ltan harmoniz\u00e1l majd a K\u00faria hangulat\u00e1val, a gyertyaf\u00e9nnyekkel \u00e9s a t\u00e9li dekor\u00e1ci\u00f3 eleg\u00e1ns vil\u00e1g\u00e1val.<\/p>\n\n\n\n<figure class=\"wp-block-image aligncenter size-large\"><img loading=\"lazy\" decoding=\"async\" width=\"1024\" height=\"576\" src=\"https:\/\/letilkuria.hu\/wp-content\/uploads\/4-4-1024x576.jpg\" alt=\"\" class=\"wp-image-4188\" title=\"\" srcset=\"https:\/\/letilkuria.hu\/wp-content\/uploads\/4-4-980x551.jpg 980w, https:\/\/letilkuria.hu\/wp-content\/uploads\/4-4-480x270.jpg 480w\" sizes=\"(min-width: 0px) and (max-width: 480px) 480px, (min-width: 481px) and (max-width: 980px) 980px, (min-width: 981px) 1024px, 100vw\" \/><\/figure>\n\n\n\n<h2 class=\"wp-block-heading\" id=\"top-5-teli-eskuvoi-ruha-a-brides-cominspiracioi-alapjan\">TOP 5 t\u00e9li esk\u00fcv\u0151i ruha a <a href=\"https:\/\/www.brides.com\/winter-wedding-dresses-4846448\" target=\"_blank\" rel=\"noopener\">Brides.com<\/a> inspir\u00e1ci\u00f3i alapj\u00e1n<\/h2>\n\n\n\n<p><strong>1. Romantikus, puffos ujj\u00fa ruha<\/strong><\/p>\n\n\n\n<p>Ha a l\u00e1gy, finom n\u0151iess\u00e9g \u00e1ll hozz\u00e1d k\u00f6zel, a puffos ujjak t\u00f6k\u00e9letesek lehetnek sz\u00e1modra. A v\u00e1llakat szabadon hagy\u00f3, kiss\u00e9 j\u00e1t\u00e9kos szab\u00e1s egyszerre k\u00f6nnyed \u00e9s eleg\u00e1nsan mesebeli \u2013 pont az a fajta \u201et\u00e9lies hercegn\u0151\u201d kisug\u00e1rz\u00e1s, amely a K\u00faria h\u00f3feh\u00e9r d\u00edszlet\u00e9ben m\u00e9g er\u0151sebben \u00e9letre kel.<\/p>\n\n\n\n<p><strong>2. P\u00e1nt n\u00e9lk\u00fcli ruha eleg\u00e1ns k\u00f6pennyel<\/strong><\/p>\n\n\n\n<p>A t\u00e9li esk\u00fcv\u0151 nem z\u00e1rja ki a p\u00e1nt n\u00e9lk\u00fcli ruh\u00e1t: \u00e9pp ellenkez\u0151leg, gy\u00f6ny\u00f6r\u0171en mutat a szezon m\u00e9lyf\u00e9ny\u0171 hangulat\u00e1ban. Egy struktur\u00e1lt, b\u00e1li st\u00edlus\u00fa fazon mellett csak egy selymes, csillog\u00f3 k\u00f6penyre lesz sz\u00fcks\u00e9ged, amely egyszerre ad meleget \u00e9s \u00fcnnepi kisug\u00e1rz\u00e1st.<\/p>\n\n\n\n<p><strong>3. Selyem sell\u0151ruha finom kend\u0151vel<\/strong><\/p>\n\n\n\n<p>A sell\u0151 fazon \u00e9s egy puha, pr\u00e9m- vagy gyapj\u00fahat\u00e1s\u00fa kend\u0151 meglep\u0151en harmonikus p\u00e1ros. A selyem anyag f\u00e9nyj\u00e1t\u00e9ka \u00e9s a meleg text\u00far\u00e1k kontrasztja k\u00fcl\u00f6nleges eleganci\u00e1t teremt. Ha szeretn\u00e9d fokozni a ragyog\u00e1st, egy p\u00e1r selyemkeszty\u0171 \u00e9s csillog\u00f3 f\u00fclbeval\u00f3 t\u00f6k\u00e9letesen kieg\u00e9sz\u00edtheti a megjelen\u00e9st.&nbsp;<\/p>\n\n\n\n<p><strong>4. Hossz\u00fa ujj\u00fa b\u00e1li ruha, a kir\u00e1lyn\u0151i megjelen\u00e9s\u00e9rt<\/strong><\/p>\n\n\n\n<p>Ha val\u00f3di, id\u0151tlen nagyest\u00e9lyi hat\u00e1sra v\u00e1gysz, egy hossz\u00fa ujj\u00fa, csipk\u00e9s b\u00e1li ruha maga a t\u00e9li luxus. A struktur\u00e1lt szoknya, a finom csipke \u00e9s egy m\u00e9lyebb dekolt\u00e1zs olyan karakteres megjelen\u00e9st ad, amely a havas t\u00e1j vagy a gyertyaf\u00e9nyes terem el\u0151tt is uralkod\u00f3i kisug\u00e1rz\u00e1ssal \u00e1raszt majd el.<\/p>\n\n\n\n<p><strong>5. Magas nyak\u00fa, csipk\u00e9s ruha hossz\u00fa ujjakkal<\/strong><\/p>\n\n\n\n<p>Praktikus, ugyanakkor leny\u0171g\u00f6z\u0151en eleg\u00e1ns v\u00e1laszt\u00e1s hideg id\u0151ben. A csipke finom mint\u00e1i \u00e9s a z\u00e1rtabb fels\u0151r\u00e9sz k\u00fcl\u00f6n\u00f6sen j\u00f3l illenek a t\u00e9li hangulathoz. Ha kedveled a k\u00fcl\u00f6nleges r\u00e9szleteket, a h\u00fcvelykujjas ujjmegold\u00e1s finoman keretezheti a kezeket, \u00e9s egyedi, modern csavart adhat az egy\u00e9bk\u00e9nt klasszikus st\u00edlusnak.<\/p>\n\n\n\n<figure class=\"wp-block-image aligncenter size-large\"><img loading=\"lazy\" decoding=\"async\" width=\"1024\" height=\"576\" src=\"https:\/\/letilkuria.hu\/wp-content\/uploads\/5-4-1024x576.jpg\" alt=\"\" class=\"wp-image-4189\" title=\"\" srcset=\"https:\/\/letilkuria.hu\/wp-content\/uploads\/5-4-980x551.jpg 980w, https:\/\/letilkuria.hu\/wp-content\/uploads\/5-4-480x270.jpg 480w\" sizes=\"(min-width: 0px) and (max-width: 480px) 480px, (min-width: 481px) and (max-width: 980px) 980px, (min-width: 981px) 1024px, 100vw\" \/><\/figure>\n\n\n\n<h2 class=\"wp-block-heading\" id=\"lezaras\">Lez\u00e1r\u00e1s<\/h2>\n\n\n\n<p>A t\u00e9li menyasszonyi megjelen\u00e9s a Le Til K\u00fari\u00e1ban egyszerre id\u0151tlen \u00e9s modern, \u00fcnnepi \u00e9s meghitt. A megfelel\u0151 ruha csak m\u00e9g var\u00e1zslatosabb\u00e1 teszi ezt az \u00e9lm\u00e9nyt.<\/p>\n\n\n\n<p>Szeretn\u00e9l t\u00f6bbet megtudni a t\u00e9li esk\u00fcv\u0151k var\u00e1zs\u00e1r\u00f3l? <a href=\"https:\/\/letilkuria.hu\/en\/winter-wonderland-avagy-ezert-eri-meg-a-teli-eskuvo\/\">IDE <\/a>kattintva elolvashatod kor\u00e1bbi blogbejegyz\u00e9s\u00fcnket a t\u00e9m\u00e1ban!&nbsp;<\/p>\n\n\n\n<p>Konkr\u00e9t k\u00e9rd\u00e9sed lenne? Keress minket bizalommal!&nbsp;<\/p>\n\n\n\n<p><a href=\"tel:+36202621111\" data-type=\"tel\" data-id=\"tel:+36202621111\">+36 (20) 262 1111<\/a><\/p>\n\n\n\n<p><a href=\"mailto:info@letilkuria.hu\">info@letilkuria.hu<\/a><\/p>\n\n\n\n<p class=\"bp-caption\">Fot\u00f3k: <a href=\"https:\/\/vamosphotography.com\/\" target=\"_blank\" rel=\"noreferrer noopener\">Vamos Wedding Photography<\/a><\/p>","protected":false},"excerpt":{"rendered":"<p>Fedezd fel, milyen t\u00e9li esk\u00fcv\u0151i ruha illik legjobban a meghitt, \u00fcnnepi hangulathoz. Anyagok, st\u00edlusok \u00e9s kieg\u00e9sz\u00edt\u0151k, amelyek t\u00f6k\u00e9letess\u00e9 teszik a Nagy Napot.<\/p>","protected":false},"author":1,"featured_media":4194,"comment_status":"closed","ping_status":"open","sticky":false,"template":"","format":"standard","meta":{"_et_pb_use_builder":"off","_et_pb_old_content":"","_et_gb_content_width":"","footnotes":""},"categories":[1],"tags":[],"class_list":["post-4184","post","type-post","status-publish","format-standard","has-post-thumbnail","hentry","category-uncategorized-hu"],"_links":{"self":[{"href":"https:\/\/letilkuria.hu\/en\/wp-json\/wp\/v2\/posts\/4184","targetHints":{"allow":["GET"]}}],"collection":[{"href":"https:\/\/letilkuria.hu\/en\/wp-json\/wp\/v2\/posts"}],"about":[{"href":"https:\/\/letilkuria.hu\/en\/wp-json\/wp\/v2\/types\/post"}],"author":[{"embeddable":true,"href":"https:\/\/letilkuria.hu\/en\/wp-json\/wp\/v2\/users\/1"}],"replies":[{"embeddable":true,"href":"https:\/\/letilkuria.hu\/en\/wp-json\/wp\/v2\/comments?post=4184"}],"version-history":[{"count":0,"href":"https:\/\/letilkuria.hu\/en\/wp-json\/wp\/v2\/posts\/4184\/revisions"}],"wp:featuredmedia":[{"embeddable":true,"href":"https:\/\/letilkuria.hu\/en\/wp-json\/wp\/v2\/media\/4194"}],"wp:attachment":[{"href":"https:\/\/letilkuria.hu\/en\/wp-json\/wp\/v2\/media?parent=4184"}],"wp:term":[{"taxonomy":"category","embeddable":true,"href":"https:\/\/letilkuria.hu\/en\/wp-json\/wp\/v2\/categories?post=4184"},{"taxonomy":"post_tag","embeddable":true,"href":"https:\/\/letilkuria.hu\/en\/wp-json\/wp\/v2\/tags?post=4184"}],"curies":[{"name":"wp","href":"https:\/\/api.w.org\/{rel}","templated":true}]}}