{"id":4114,"date":"2025-11-06T14:15:55","date_gmt":"2025-11-06T14:15:55","guid":{"rendered":"https:\/\/letilkuria.hu\/?p=4114"},"modified":"2025-11-06T14:18:24","modified_gmt":"2025-11-06T14:18:24","slug":"tobbnapos-eskuvo-a-le-til-kuriaban","status":"publish","type":"post","link":"https:\/\/letilkuria.hu\/en\/tobbnapos-eskuvo-a-le-til-kuriaban\/","title":{"rendered":"T\u00f6bbnapos esk\u00fcv\u0151 a Le Til K\u00fari\u00e1ban"},"content":{"rendered":"<p>Mi lenne, ha a Nagy Nap nem csup\u00e1n egyetlen est\u00e9re korl\u00e1toz\u00f3dna, hanem egy eg\u00e9sz h\u00e9tv\u00e9g\u00e9v\u00e9, vagy egy t\u00f6bbnapos \u00e9lm\u00e9nny\u00e9 alakulna? A Le Til K\u00faria lehet\u0151s\u00e9get k\u00edn\u00e1l arra, hogy esk\u00fcv\u0151t\u00f6k val\u00f3ban k\u00fcl\u00f6nlegess\u00e9 v\u00e1ljon. Legyen sz\u00f3 ak\u00e1r h\u00e9tv\u00e9gi, ak\u00e1r egy h\u00e9tk\u00f6znapi d\u00e1tumr\u00f3l, a t\u00f6bbnapos esk\u00fcv\u0151 lehet\u0151s\u00e9get k\u00edn\u00e1l arra, hogy \u00e9letetek legfontosabb pillanatai teljes k\u00f6r\u0171 esem\u00e9nny\u00e9 form\u00e1l\u00f3djanak.<\/p>\n\n\n\n<p>Ebben a blogcikkben arra szeretn\u00e9nk r\u00e1vil\u00e1g\u00edtani, mi\u00e9rt \u00e9rdemes kib\u0151v\u00edteni a Nagy Napot, \u00e9s hogyan v\u00e1lhat bel\u0151le egy felejthetetlen \u00fcnnepsorozat. K\u00e9szen \u00e1lltok arra, hogy a szok\u00e1sos esk\u00fcv\u0151n\u00e9l sokkal t\u00f6bbet kapjatok? Akkor fedezz\u00e9tek fel, mi\u00e9rt a Le Til K\u00faria az ide\u00e1lis v\u00e1laszt\u00e1s sz\u00e1motokra!<\/p>\n\n\n\n<div class=\"wp-block-rank-math-toc-block\" id=\"rank-math-toc\"><h2>Tartalomjegyz\u00e9k<\/h2><nav><ul><li class=\"\"><a href=\"#miert-eri-meg-a-tobbnapos-eskuvo\">Mi\u00e9rt \u00e9ri meg a t\u00f6bbnapos esk\u00fcv\u0151?<\/a><\/li><li class=\"\"><a href=\"#tovabbi-otletek-a-wedding-weekend-szinesitesere\">Tov\u00e1bbi \u00f6tletek a Wedding Weekend sz\u00ednes\u00edt\u00e9s\u00e9re<\/a><\/li><li class=\"\"><a href=\"#gyakori-kerdesek\">Gyakori k\u00e9rd\u00e9sek<\/a><\/li><li class=\"\"><a href=\"#lezaras\">Lez\u00e1r\u00e1s<\/a><\/li><\/ul><\/nav><\/div>\n\n\n\n<h2 class=\"wp-block-heading\" id=\"miert-eri-meg-a-tobbnapos-eskuvo\"><strong>Mi\u00e9rt \u00e9ri meg a t\u00f6bbnapos esk\u00fcv\u0151?<\/strong><\/h2>\n\n\n\n<figure class=\"wp-block-image aligncenter size-large\"><a href=\"https:\/\/philipphoto.hu\/\" target=\"_blank\" rel=\" noreferrer noopener\"><img loading=\"lazy\" decoding=\"async\" width=\"1024\" height=\"576\" src=\"https:\/\/letilkuria.hu\/wp-content\/uploads\/02-2-1024x576.jpg\" alt=\"t\u00f6bbnapos esk\u00fcv\u0151\" class=\"wp-image-4116\" title=\"\" srcset=\"https:\/\/letilkuria.hu\/wp-content\/uploads\/02-2-980x551.jpg 980w, https:\/\/letilkuria.hu\/wp-content\/uploads\/02-2-480x270.jpg 480w\" sizes=\"(min-width: 0px) and (max-width: 480px) 480px, (min-width: 481px) and (max-width: 980px) 980px, (min-width: 981px) 1024px, 100vw\" \/><\/a><\/figure>\n\n\n\n<h3 class=\"wp-block-heading\" id=\"1-hosszabb-unneples-tobb-kozos-pillanat\"><strong>1. Hosszabb \u00fcnnepl\u00e9s, t\u00f6bb k\u00f6z\u00f6s pillanat<\/strong><\/h3>\n\n\n\n<p>A hagyom\u00e1nyos esk\u00fcv\u0151i programok egyetlen egy napra s\u0171r\u00edtik az \u00f6sszes fontos esem\u00e9nyt: a szertart\u00e1st, vacsor\u00e1t, t\u00e1ncot \u00e9s az azt k\u00f6vet\u0151 mulats\u00e1got. Ezzel szemben a t\u00f6bbnapos esk\u00fcv\u0151 lehet\u0151s\u00e9get ad arra, hogy az \u00fcnnepl\u00e9s ne \u00e9rjen v\u00e9get egy este alatt. Ez\u00e1ltal minden pillanatot ki\u00e9lvezhettek, pl.: p\u00e9ntek este egy \u00fcdv\u00f6zl\u0151 rendezv\u00e9nnyel ind\u00edthatj\u00e1tok az esk\u00fcv\u0151t, szombaton lehet a szertart\u00e1s \u00e9s a vacsora, vas\u00e1rnap pedig ak\u00e1r egy kedves b\u00facs\u00fa brunch z\u00e1rhatja le az esem\u00e9nyt.<\/p>\n\n\n\n<h3 class=\"wp-block-heading\" id=\"2-kulonleges-elmenyek-es-tematikus-programok\"><strong>2. K\u00fcl\u00f6nleges \u00e9lm\u00e9nyek \u00e9s tematikus programok<\/strong><\/h3>\n\n\n\n<p>A t\u00f6bbnapos esk\u00fcv\u0151 lehet\u0151s\u00e9get biztos\u00edt arra is, hogy az esk\u00fcv\u0151i programot val\u00f3ban szem\u00e9lyre szabott\u00e1 tegy\u00e9tek, \u00e9s minden \u00e9rz\u00e9kszervet mag\u00e1val ragad\u00f3 \u00e9lm\u00e9nyeket ny\u00fajtsatok vend\u00e9geiteknek. Mi a Le Til K\u00fari\u00e1ban im\u00e1djuk a multi-sensory esk\u00fcv\u0151ket: egy menyegz\u0151 itt ugyanis nemcsak l\u00e1tv\u00e1nyban, hanem \u00edzekben, illatokban, hangulatokban \u00e9s hangokban is teljes \u00e9lm\u00e9nyt ad. Ak\u00e1r egy vintage, boho, luxury vagy garden party tematik\u00e1t v\u00e1lasztotok, a K\u00faria minden ig\u00e9nyt kiel\u00e9g\u00edt \u00e9s t\u00f6k\u00e9letes h\u00e1tteret biztos\u00edt a maradand\u00f3 eml\u00e9kekhez.<\/p>\n\n\n\n<figure class=\"wp-block-image aligncenter size-large\"><a href=\"https:\/\/philipphoto.hu\/\" target=\"_blank\" rel=\" noreferrer noopener\"><img loading=\"lazy\" decoding=\"async\" width=\"1024\" height=\"576\" src=\"https:\/\/letilkuria.hu\/wp-content\/uploads\/03-2-1024x576.jpg\" alt=\"\" class=\"wp-image-4117\" title=\"\" srcset=\"https:\/\/letilkuria.hu\/wp-content\/uploads\/03-2-980x551.jpg 980w, https:\/\/letilkuria.hu\/wp-content\/uploads\/03-2-480x270.jpg 480w\" sizes=\"(min-width: 0px) and (max-width: 480px) 480px, (min-width: 481px) and (max-width: 980px) 980px, (min-width: 981px) 1024px, 100vw\" \/><\/a><\/figure>\n\n\n\n<h3 class=\"wp-block-heading\" id=\"3-a-vendegek-szamara-is-igazan-kulonleges-elmeny\"><strong>3. A vend\u00e9gek sz\u00e1m\u00e1ra is igaz\u00e1n k\u00fcl\u00f6nleges \u00e9lm\u00e9ny<\/strong><\/h3>\n\n\n\n<p>A t\u00f6bbnapos esk\u00fcv\u0151 nemcsak az ifj\u00fa p\u00e1rnak, hanem a vend\u00e9geknek is k\u00fcl\u00f6nleges \u00e9lm\u00e9ny. A Le Til K\u00faria ide\u00e1lis helysz\u00edn ahhoz, hogy a vend\u00e9gek egy teljes h\u00e9tv\u00e9g\u00e9t t\u00f6ltsenek el veletek, pihenve \u00e9s sz\u00f3rakozva. Az esk\u00fcv\u0151i h\u00e9tv\u00e9ge sor\u00e1n a vend\u00e9gek t\u00f6bb k\u00f6z\u00f6s programban vehetnek r\u00e9szt, mint p\u00e9ld\u00e1ul borfesztiv\u00e1lok, k\u00f6z\u00f6s wellness kezel\u00e9sek, bor\u00e1szk\u00f3stol\u00f3k, s\u0151t, ak\u00e1r szalonnas\u00fct\u00e9sek is a t\u00e1bort\u0171z mellett. Ezek mind olyan \u00e9lm\u00e9nyek, amelyek k\u00fcl\u00f6nlegess\u00e9 teszik a h\u00e9tv\u00e9g\u00e9t \u00e9s igaz\u00e1n eml\u00e9kezetess\u00e9 var\u00e1zsolj\u00e1k az esk\u00fcv\u0151t\u00f6ket.<\/p>\n\n\n\n<figure class=\"wp-block-image aligncenter size-large\"><a href=\"https:\/\/philipphoto.hu\/\" target=\"_blank\" rel=\" noreferrer noopener\"><img loading=\"lazy\" decoding=\"async\" width=\"1024\" height=\"576\" src=\"https:\/\/letilkuria.hu\/wp-content\/uploads\/04-2-1024x576.jpg\" alt=\"\" class=\"wp-image-4118\" title=\"\" srcset=\"https:\/\/letilkuria.hu\/wp-content\/uploads\/04-2-980x551.jpg 980w, https:\/\/letilkuria.hu\/wp-content\/uploads\/04-2-480x270.jpg 480w\" sizes=\"(min-width: 0px) and (max-width: 480px) 480px, (min-width: 481px) and (max-width: 980px) 980px, (min-width: 981px) 1024px, 100vw\" \/><\/a><\/figure>\n\n\n\n<h2 class=\"wp-block-heading\" id=\"tovabbi-otletek-a-wedding-weekend-szinesitesere\"><strong>Tov\u00e1bbi \u00f6tletek a Wedding Weekend sz\u00ednes\u00edt\u00e9s\u00e9re<\/strong><\/h2>\n\n\n\n<p>A Le Til K\u00faria a legk\u00fcl\u00f6nf\u00e9l\u00e9bb programok szervez\u00e9s\u00e9t v\u00e1llalja, hogy esk\u00fcv\u0151i h\u00e9tv\u00e9g\u00e9tek igaz\u00e1n k\u00fcl\u00f6nleges \u00e9lm\u00e9ny legyen. \u00cdme n\u00e9h\u00e1ny program\u00f6tlet, amit mi d\u00edjmentesen szervez\u00fcnk nektek.<\/p>\n\n\n\n<h3 class=\"wp-block-heading\" id=\"welcome-party\"><strong>Welcome Party<\/strong><\/h3>\n\n\n\n<p>Az \u00fcdv\u00f6zl\u0151 parti remek m\u00f3dja annak, hogy minden vend\u00e9get \u00fcnnep\u00e9lyesen k\u00f6sz\u00f6ntsetek. Ak\u00e1r egy kokt\u00e9lparti, ak\u00e1r BBQ-z\u00e1s form\u00e1j\u00e1ban, a Le Til K\u00faria var\u00e1zslatos k\u00f6rnyezet\u00e9ben t\u00f6k\u00e9letes kezd\u00e9se lehet az esk\u00fcv\u0151i h\u00e9tv\u00e9g\u00e9nek, mik\u00f6zben egyedi lehet\u0151s\u00e9get biztos\u00edtunk arra, hogy a vend\u00e9gek egym\u00e1sra tal\u00e1ljanak.<\/p>\n\n\n\n<h3 class=\"wp-block-heading\" id=\"bogracsozas\"><strong>Cauldron making<\/strong><\/h3>\n\n\n\n<p>Mi lenne, ha k\u00f6z\u00f6sen k\u00e9sz\u00edten\u00e9tek el a vacsor\u00e1t? Egy k\u00f6z\u00f6s bogr\u00e1csoz\u00e1s m\u00e9g k\u00f6zelebb hozhat benneteket egym\u00e1shoz, mik\u00f6zben remek sz\u00f3rakoz\u00e1st k\u00edn\u00e1l a vend\u00e9gek sz\u00e1m\u00e1ra is. A t\u00e1bort\u0171z mellett a vid\u00e1m hangulat garant\u00e1lt!<\/p>\n\n\n\n<h3 class=\"wp-block-heading\" id=\"goodbye-brunch\"><strong>Goodbye Brunch<\/strong><\/h3>\n\n\n\n<p>A vas\u00e1rnapi brunch a h\u00e9tv\u00e9ge t\u00f6k\u00e9letes lez\u00e1r\u00e1sa. K\u00f6zvetlen, stresszmentes l\u00e9gk\u00f6rben mondhattok k\u00f6sz\u00f6netet a vend\u00e9geknek a finom \u00e9tkek \u00e9s a vid\u00e1m reggeli italok mellett.<\/p>\n\n\n\n<h3 class=\"wp-block-heading\" id=\"grill-party\"><strong>Grill Party<\/strong><\/h3>\n\n\n\n<p>Ha a h\u00e9tv\u00e9ge hosszabb\u00edt\u00e1sra ker\u00fcl, egy kora esti grill parti t\u00f6k\u00e9letes megold\u00e1s lehet. A Le Til Plage medenc\u00e9je mellett, egy kora esti program sor\u00e1n \u00e9lvezhetitek a finom grill\u00e9teleket.<\/p>\n\n\n\n<h3 class=\"wp-block-heading\" id=\"szalonnasutes\"><strong>Bacon frying<\/strong><\/h3>\n\n\n\n<p>Engedj\u00e9tek, hogy a t\u00e1bort\u0171z var\u00e1zsa elragadjon titeket \u00e9s vend\u00e9geiteket! K\u00f6z\u00f6sen k\u00e9sz\u00edthetitek el a szalonn\u00e1t, mik\u00f6zben besz\u00e9lgettek \u00e9s nevetg\u00e9ltek, \u00e9lvezve a csal\u00e1dias hangulatot.<\/p>\n\n\n\n<figure class=\"wp-block-image aligncenter size-large\"><img loading=\"lazy\" decoding=\"async\" width=\"1024\" height=\"576\" src=\"https:\/\/letilkuria.hu\/wp-content\/uploads\/05-1-1024x576.jpg\" alt=\"\" class=\"wp-image-4119\" title=\"\" srcset=\"https:\/\/letilkuria.hu\/wp-content\/uploads\/05-1-980x551.jpg 980w, https:\/\/letilkuria.hu\/wp-content\/uploads\/05-1-480x270.jpg 480w\" sizes=\"(min-width: 0px) and (max-width: 480px) 480px, (min-width: 481px) and (max-width: 980px) 980px, (min-width: 981px) 1024px, 100vw\" \/><\/figure>\n\n\n\n<h2 class=\"wp-block-heading\" id=\"gyakori-kerdesek\"><strong>Gyakori k\u00e9rd\u00e9sek<\/strong><\/h2>\n\n\n\n<h3 class=\"wp-block-heading\" id=\"mikor-erdemes-elkezdeni-a-tervezest\"><strong>Mikor \u00e9rdemes elkezdeni a tervez\u00e9st?<\/strong><\/h3>\n\n\n\n<p>A legjobb, ha legal\u00e1bb 12-18 h\u00f3nappal el\u0151re elkezded a tervez\u00e9st, \u00edgy biztos lehetsz benne, hogy a legjobb helysz\u00ednt \u00e9s sz\u00e1ll\u00e1st v\u00e1lasztod. A Le Til K\u00faria eset\u00e9ben p\u00e9ld\u00e1ul id\u0151ben t\u00f6rt\u00e9n\u0151 foglal\u00e1ssal biztos\u00edthatod, hogy a k\u00edv\u00e1nt d\u00e1tumot \u00e9s a sz\u00e1ll\u00e1st is el\u00e9rd, hiszen a legn\u00e9pszer\u0171bb id\u0151pontok gyorsan betelnek.<\/p>\n\n\n\n<h3 class=\"wp-block-heading\" id=\"mikro-eskuvot-is-tarthatunk\"><strong>Mikro-esk\u00fcv\u0151t is tarthatunk?<\/strong><\/h3>\n\n\n\n<p>Igen, egy mikro-esk\u00fcv\u0151 is t\u00f6k\u00e9letes v\u00e1laszt\u00e1s lehet egy t\u00f6bbnapos esk\u00fcv\u0151i \u00e9lm\u00e9nyhez! Ezek az intim, m\u00e9gis eleg\u00e1ns rendezv\u00e9nyek ide\u00e1lisak a kisebb k\u00f6r\u0171, k\u00f6zvetlenebb \u00fcnnepl\u00e9sekhez, ahol a p\u00e1r \u00e9s a k\u00f6zeli vend\u00e9gek egy szoros k\u00f6z\u00f6ss\u00e9gben \u00e9lvezhetik a h\u00e9tv\u00e9g\u00e9t.<\/p>\n\n\n\n<h3 class=\"wp-block-heading\" id=\"mit-kell-figyelembe-vennem-az-eskuvoi-hetvege-helyszinenek-kivalasztasakor\"><strong>Mit kell figyelembe vennem az esk\u00fcv\u0151i h\u00e9tv\u00e9ge helysz\u00edn\u00e9nek kiv\u00e1laszt\u00e1sakor?<\/strong><\/h3>\n\n\n\n<p>\u00dcgyeljetek arra, hogy az adott helysz\u00edn rendelkezzen rugalmas terekkel \u00e9s olyan szolg\u00e1ltat\u00e1sokkal, amelyek seg\u00edtik a g\u00f6rd\u00fcl\u00e9keny szervez\u00e9st. Szerencs\u00e9re, a Le Til K\u00faria t\u00f6k\u00e9letes p\u00e9ld\u00e1ja ennek, hiszen t\u00f6bbek k\u00f6z\u00f6tt a t\u00e1gas rendezv\u00e9nyterem, a k\u00e9nyelmes sz\u00e1ll\u00e1shelyek \u00e9s az \u00e9tkez\u00e9si lehet\u0151s\u00e9gek mind hozz\u00e1j\u00e1rulnak a z\u00f6kken\u0151mentes \u00e9s \u00e9lm\u00e9nyd\u00fas esk\u00fcv\u0151i h\u00e9tv\u00e9g\u00e9hez.<\/p>\n\n\n\n<figure class=\"wp-block-image aligncenter size-large\"><img loading=\"lazy\" decoding=\"async\" width=\"1024\" height=\"576\" src=\"https:\/\/letilkuria.hu\/wp-content\/uploads\/06-1024x576.jpg\" alt=\"\" class=\"wp-image-4120\" title=\"\" srcset=\"https:\/\/letilkuria.hu\/wp-content\/uploads\/06-980x551.jpg 980w, https:\/\/letilkuria.hu\/wp-content\/uploads\/06-480x270.jpg 480w\" sizes=\"(min-width: 0px) and (max-width: 480px) 480px, (min-width: 481px) and (max-width: 980px) 980px, (min-width: 981px) 1024px, 100vw\" \/><\/figure>\n\n\n\n<h2 class=\"wp-block-heading\" id=\"lezaras\"><strong>Lez\u00e1r\u00e1s<\/strong><\/h2>\n\n\n\n<p>A t\u00f6bbnapos esk\u00fcv\u0151 egy k\u00fcl\u00f6nleges \u00e9lm\u00e9nyt k\u00edn\u00e1l, ami nem csup\u00e1n a p\u00e1rnak, hanem a vend\u00e9geknek is maradand\u00f3 \u00e9lm\u00e9nyt ad. A Le Til K\u00faria t\u00f6k\u00e9letes helysz\u00edn arra, hogy \u00e9letetek egyik legfontosabb napj\u00e1t igaz\u00e1n felejthetetlenn\u00e9 tegy\u00e9tek.<\/p>\n\n\n\n<p>Alak\u00edts\u00e1tok \u00e1t a Nagy Napot egy igazi, t\u00f6bbnapos \u00e9lm\u00e9nny\u00e9, amely \u00f6r\u00f6kre sz\u00f3l! Tov\u00e1bbi inform\u00e1ci\u00f3\u00e9rt forduljatok <a href=\"https:\/\/letilkuria.hu\/en\/\">hozz\u00e1nk bizalommal<\/a>! \u2028\u200d<\/p>\n\n\n\n<p><a href=\"tel:+36202621111\">+36 (20) 262 1111<\/a><\/p>\n\n\n\n<p><a href=\"mailto:info@letilkuria.hu\">info@letilkuria.hu<\/a><\/p>\n\n\n\n<p class=\"bp-caption\">Fot\u00f3: <a href=\"https:\/\/philipphoto.hu\/\" target=\"_blank\" rel=\"noopener\">Philip Photo<\/a><\/p>","protected":false},"excerpt":{"rendered":"<p>\u00c9ljetek \u00e1t egy var\u00e1zslatos t\u00f6bbnapos esk\u00fcv\u0151t a Le Til K\u00fari\u00e1ban, ahol minden r\u00e9szlet a ti \u00e1lmaitokat t\u00fckr\u00f6zi, \u00e9s a vend\u00e9geitek is felejthetetlen \u00e9lm\u00e9nyben r\u00e9szes\u00fclnek!<\/p>","protected":false},"author":1,"featured_media":4115,"comment_status":"closed","ping_status":"open","sticky":false,"template":"","format":"standard","meta":{"_et_pb_use_builder":"off","_et_pb_old_content":"","_et_gb_content_width":"","footnotes":""},"categories":[1],"tags":[],"class_list":["post-4114","post","type-post","status-publish","format-standard","has-post-thumbnail","hentry","category-uncategorized-hu"],"_links":{"self":[{"href":"https:\/\/letilkuria.hu\/en\/wp-json\/wp\/v2\/posts\/4114","targetHints":{"allow":["GET"]}}],"collection":[{"href":"https:\/\/letilkuria.hu\/en\/wp-json\/wp\/v2\/posts"}],"about":[{"href":"https:\/\/letilkuria.hu\/en\/wp-json\/wp\/v2\/types\/post"}],"author":[{"embeddable":true,"href":"https:\/\/letilkuria.hu\/en\/wp-json\/wp\/v2\/users\/1"}],"replies":[{"embeddable":true,"href":"https:\/\/letilkuria.hu\/en\/wp-json\/wp\/v2\/comments?post=4114"}],"version-history":[{"count":0,"href":"https:\/\/letilkuria.hu\/en\/wp-json\/wp\/v2\/posts\/4114\/revisions"}],"wp:featuredmedia":[{"embeddable":true,"href":"https:\/\/letilkuria.hu\/en\/wp-json\/wp\/v2\/media\/4115"}],"wp:attachment":[{"href":"https:\/\/letilkuria.hu\/en\/wp-json\/wp\/v2\/media?parent=4114"}],"wp:term":[{"taxonomy":"category","embeddable":true,"href":"https:\/\/letilkuria.hu\/en\/wp-json\/wp\/v2\/categories?post=4114"},{"taxonomy":"post_tag","embeddable":true,"href":"https:\/\/letilkuria.hu\/en\/wp-json\/wp\/v2\/tags?post=4114"}],"curies":[{"name":"wp","href":"https:\/\/api.w.org\/{rel}","templated":true}]}}