{"id":3850,"date":"2025-09-10T13:32:45","date_gmt":"2025-09-10T13:32:45","guid":{"rendered":"https:\/\/letilkuria.hu\/?p=3850"},"modified":"2025-09-11T07:28:32","modified_gmt":"2025-09-11T07:28:32","slug":"hetkoznapi-eskuvo-5-ok-amiert-jo-a-hetkoznapi-eskuvo","status":"publish","type":"post","link":"https:\/\/letilkuria.hu\/en\/hetkoznapi-eskuvo-5-ok-amiert-jo-a-hetkoznapi-eskuvo\/","title":{"rendered":"H\u00e9tk\u00f6znapi esk\u00fcv\u0151 \u2013 mi\u00e9rt \u00e9ri meg \u00e9s mire figyelj?"},"content":{"rendered":"<p>Amikor elkezditek szervezni az esk\u00fcv\u0151t\u00f6ket, az egyik legfontosabb k\u00e9rd\u00e9s r\u00f6gt\u00f6n az, hogy mikor legyen a Nagy Nap. Nem v\u00e9letlen, hogy a legt\u00f6bben szombatra id\u0151z\u00edtik: a vend\u00e9geknek \u00edgy k\u00e9nyelmes, a szolg\u00e1ltat\u00f3k sz\u00e1m\u00e1ra pedig ez a legforgalmasabb id\u0151szak. Csakhogy \u00e9ppen ezen a napon a legmagasabbak az \u00e1rak, a helysz\u00ednek, fot\u00f3sok, zenekarok pedig gyakran \u00e9vekre el\u0151re betelnek.<\/p>\n\n\n\n<p>Ha viszont nyitottak vagytok arra, hogy a h\u00e9t egy m\u00e1sik napj\u00e1n mondj\u00e1tok ki az igent, sokkal k\u00f6nnyebben tal\u00e1lhattok szabad id\u0151pontot \u2013 \u00e9s m\u00e9g kedvez\u0151bb \u00e1ron is. R\u00e1ad\u00e1sul egy h\u00e9tk\u00f6znapi d\u00e1tum lehet szimbolikus is: p\u00e9ld\u00e1ul egy \u00e9vfordul\u00f3, sz\u00fclet\u00e9snap vagy olyan k\u00fcl\u00f6nleges nap, ami sz\u00e1motokra fontos, f\u00fcggetlen\u00fcl att\u00f3l, hogy az keddre vagy cs\u00fct\u00f6rt\u00f6kre esik.<\/p>\n\n\n\n<p>Nem v\u00e9letlen teh\u00e1t, hogy egyre t\u00f6bb p\u00e1r fedezi fel a h\u00e9tk\u00f6znapi esk\u00fcv\u0151k el\u0151nyeit, mert ezek nemcsak k\u00fcl\u00f6nlegesek, hanem nagyon praktikusak is. N\u00e9zz\u00fck meg jobban, mi\u00e9rt!<\/p>\n\n\n\n<div class=\"wp-block-rank-math-toc-block\" id=\"rank-math-toc\"><h2>Tartalomjegyz\u00e9k<\/h2><nav><ul><li class=\"\"><a href=\"#5-ok-amiert-jo-a-hetkoznapi-eskuvo\">5 ok, ami\u00e9rt j\u00f3 a h\u00e9tk\u00f6znapi esk\u00fcv\u0151<\/a><ul><li class=\"\"><a href=\"#1-szabadabb-szervezes\">1. Szabadabb szervez\u00e9s<\/a><\/li><li class=\"\"><a href=\"#2-kedvezobb-arak\">2. Kedvez\u0151bb \u00e1rak<\/a><\/li><li class=\"\"><a href=\"#3-meghittebb-csaladiasabb-hangulat\">3. Meghittebb, csal\u00e1diasabb hangulat<\/a><\/li><li class=\"\"><a href=\"#4-egyszerubb-utazas-es-szallas-azaz-kevesebb-stressz-tobb-nyugalom\">4. Egyszer\u0171bb utaz\u00e1s \u00e9s sz\u00e1ll\u00e1s \u2013 azaz kevesebb stressz, t\u00f6bb nyugalom<\/a><\/li><li class=\"\"><a href=\"#5-weekdaywedding-a-le-til-kurianal\">5. #weekdaywedding a Le Til K\u00fari\u00e1n\u00e1l<\/a><\/li><\/ul><\/li><li class=\"\"><a href=\"#mire-figyeljetek-a-hetkoznapi-eskuvo-tervezesenel\">Mire figyeljetek a h\u00e9tk\u00f6znapi esk\u00fcv\u0151 tervez\u00e9s\u00e9n\u00e9l?<\/a><ul><li class=\"\"><a href=\"#1-szamoljatok-azzal-hogy-kevesebben-johetnek-el\">1. Sz\u00e1moljatok azzal, hogy kevesebben j\u00f6hetnek el<\/a><\/li><li class=\"\"><a href=\"#2-kuldjetek-ki-a-meghivokat-joval-elore\">2. K\u00fcldj\u00e9tek ki a megh\u00edv\u00f3kat j\u00f3val el\u0151re<\/a><\/li><li class=\"\"><a href=\"#3-gondoljatok-a-legfontosabb-vendegekre\">3. Gondoljatok a legfontosabb vend\u00e9gekre<\/a><\/li><li class=\"\"><a href=\"#4-valasszatok-ki-okosan-az-idopontot\">4. V\u00e1lassz\u00e1tok ki okosan az id\u0151pontot<\/a><\/li><\/ul><\/li><li class=\"\"><a href=\"#gyakori-kerdesek-a-hetkoznapi-eskuvokrol\">Gyakori k\u00e9rd\u00e9sek a h\u00e9tk\u00f6znapi esk\u00fcv\u0151kr\u0151l<\/a><\/li><li class=\"\"><a href=\"#lezaras\">Lez\u00e1r\u00e1s<\/a><\/li><\/ul><\/nav><\/div>\n\n\n\n<h2 class=\"wp-block-heading\" id=\"5-ok-amiert-jo-a-hetkoznapi-eskuvo\"><strong>5 ok, ami\u00e9rt j\u00f3 a h\u00e9tk\u00f6znapi esk\u00fcv\u0151<\/strong><\/h2>\n\n\n\n<figure class=\"wp-block-image aligncenter size-large\"><img loading=\"lazy\" decoding=\"async\" width=\"1024\" height=\"576\" src=\"https:\/\/letilkuria.hu\/wp-content\/uploads\/002-1024x576.webp\" alt=\"h\u00e9tk\u00f6znapi esk\u00fcv\u0151\" class=\"wp-image-3852\" title=\"\" srcset=\"https:\/\/letilkuria.hu\/wp-content\/uploads\/002-980x551.webp 980w, https:\/\/letilkuria.hu\/wp-content\/uploads\/002-480x270.webp 480w\" sizes=\"(min-width: 0px) and (max-width: 480px) 480px, (min-width: 481px) and (max-width: 980px) 980px, (min-width: 981px) 1024px, 100vw\" \/><\/figure>\n\n\n\n<h3 class=\"wp-block-heading\" id=\"1-szabadabb-szervezes\"><strong>1. Szabadabb szervez\u00e9s<\/strong><\/h3>\n\n\n\n<p>Sok p\u00e1rnak az az \u00e1lma, hogy \u201e<em>A helysz\u00ednen<\/em>\u201d vagy \u201e<em>A fot\u00f3ssal<\/em>\u201d legyen az esk\u00fcv\u0151. A gond csak az, hogy szombaton a legn\u00e9pszer\u0171bb helyek \u00e9s szolg\u00e1ltat\u00f3k \u00e9vekre el\u0151re be vannak t\u00e1bl\u00e1zva. Ez gyakran azt jelenti, hogy v\u00e1rni kell, vagy kompromisszumot k\u00f6tni.<\/p>\n\n\n\n<p>H\u00e9tk\u00f6znap viszont teljesen m\u00e1s a helyzet: nagyobb es\u00e9llyel tal\u00e1ltok szabad d\u00e1tumot, sokszor r\u00f6vid id\u0151n bel\u00fcl is. \u00cdgy val\u00f3ban azt a helysz\u00ednt v\u00e1laszthatj\u00e1tok, amelyikbe els\u0151 l\u00e1t\u00e1sra beleszerettetek, \u00e9s azt a fot\u00f3st vagy zenekart, akit mindenk\u00e9pp szerettetek volna.<\/p>\n\n\n\n<h3 class=\"wp-block-heading\" id=\"2-kedvezobb-arak\"><strong>2. Kedvez\u0151bb \u00e1rak<\/strong><\/h3>\n\n\n\n<p>A legt\u00f6bb szolg\u00e1ltat\u00f3 h\u00e9tv\u00e9g\u00e9n a \u201ecs\u00facsid\u0151s\u201d \u00e1rait alkalmazza, m\u00edg h\u00e9tk\u00f6znap gyakran kedvezm\u00e9nyeket biztos\u00edt. Ez nem kis k\u00fcl\u00f6nbs\u00e9g: lehet, hogy pont a h\u00e9tk\u00f6znapi esk\u00fcv\u0151 miatt f\u00e9r bele egy extra fog\u00e1s a men\u00fcsorba, egy l\u00e1tv\u00e1nyos vir\u00e1gdekor\u00e1ci\u00f3, vagy egy profi vide\u00f3s, aki meg\u00f6r\u00f6k\u00edti a nagy napotokat. Ne mondjatok le \u00e1lmaitok esk\u00fcv\u0151j\u00e9r\u0151l, csak az\u00e9rt, mert mondjuk az h\u00e9tk\u00f6znapra esne!<\/p>\n\n\n\n<h3 class=\"wp-block-heading\" id=\"3-meghittebb-csaladiasabb-hangulat\"><strong>3. Meghittebb, csal\u00e1diasabb hangulat<\/strong><\/h3>\n\n\n\n<p>A h\u00e9tk\u00f6znapi esk\u00fcv\u0151k gyakran kisebb l\u00e9tsz\u00e1m\u00faak, \u00e9s \u00e9ppen ez adja a var\u00e1zsukat. Nem a mennyis\u00e9g sz\u00e1m\u00edt, hanem a min\u0151s\u00e9g: azokkal \u00fcnnepeltek, akik val\u00f3ban k\u00f6zel \u00e1llnak hozz\u00e1tok.<\/p>\n\n\n\n<p>Egy sz\u0171kebb k\u00f6r sokkal intimebb \u00e9s bens\u0151s\u00e9gesebb hangulatot teremt. Nem kell rohang\u00e1lni, hogy minden vend\u00e9ggel v\u00e1ltsatok p\u00e1r sz\u00f3t, \u00edgy t\u00e9nyleg jut id\u0151 mindenkire. Ez pedig az eg\u00e9sz napot sokkal szem\u00e9lyesebb\u00e9 \u00e9s eml\u00e9kezetesebb\u00e9 teszi. Sok p\u00e1r ut\u00f3lag \u00fagy \u00e9rzi: ez volt az egyik legnagyobb aj\u00e1nd\u00e9k, amit a h\u00e9tk\u00f6znapi v\u00e1laszt\u00e1s hozott sz\u00e1mukra.<\/p>\n\n\n\n<figure class=\"wp-block-image aligncenter size-large\"><img loading=\"lazy\" decoding=\"async\" width=\"1024\" height=\"576\" src=\"https:\/\/letilkuria.hu\/wp-content\/uploads\/003-1024x576.webp\" alt=\"\" class=\"wp-image-3853\" title=\"\" srcset=\"https:\/\/letilkuria.hu\/wp-content\/uploads\/003-980x551.webp 980w, https:\/\/letilkuria.hu\/wp-content\/uploads\/003-480x270.webp 480w\" sizes=\"(min-width: 0px) and (max-width: 480px) 480px, (min-width: 481px) and (max-width: 980px) 980px, (min-width: 981px) 1024px, 100vw\" \/><\/figure>\n\n\n\n<h3 class=\"wp-block-heading\" id=\"4-egyszerubb-utazas-es-szallas-azaz-kevesebb-stressz-tobb-nyugalom\"><strong>4. Egyszer\u0171bb utaz\u00e1s \u00e9s sz\u00e1ll\u00e1s \u2013 azaz kevesebb stressz, t\u00f6bb nyugalom<\/strong><\/h3>\n\n\n\n<p>H\u00e9tv\u00e9g\u00e9n gyakran zs\u00fafoltak a sz\u00e1ll\u00e1shelyek \u00e9s az utak, k\u00fcl\u00f6n\u00f6sen a ny\u00e1ri szezonban. H\u00e9tk\u00f6znap azonban sokkal egyszer\u0171bb szob\u00e1t foglalni, parkol\u00f3helyet tal\u00e1lni vagy ak\u00e1r id\u0151ben meg\u00e9rkezni a helysz\u00ednre. Az esk\u00fcv\u0151 el\u0151tti rohan\u00e1s helyett \u00edgy sokkal nyugodtabb lehet az \u00e9rkez\u00e9s, ami m\u00e1r \u00f6nmag\u00e1ban jobb hangulatot ad a napnak.<\/p>\n\n\n\n<p>Szerencs\u00e9re a Le Til K\u00fari\u00e1ban minden adott egy k\u00e9nyelmes \u00fcnnepl\u00e9sre, ugyanis n\u00e1lunk sz\u00e1ll\u00e1slehet\u0151s\u00e9g is biztos\u00edtott. A b\u0151vebb inform\u00e1ci\u00f3\u00e9rt vegy\u00e9tek fel vel\u00fcnk a kapcsolatot!<\/p>\n\n\n\n<h3 class=\"wp-block-heading\" id=\"5-weekdaywedding-a-le-til-kurianal\"><strong>5. #weekdaywedding a Le Til K\u00fari\u00e1n\u00e1l<\/strong><\/h3>\n\n\n\n<p>A h\u00e9tk\u00f6znapi esk\u00fcv\u0151 nem felt\u00e9tlen\u00fcl \u00e9r v\u00e9get aznap. Ha a Le Til K\u00fari\u00e1t v\u00e1lasztj\u00e1tok, k\u00f6nnyed\u00e9n egy t\u00f6bbnapos \u00fcnnepl\u00e9ss\u00e9 alak\u00edthatj\u00e1tok \u00e9letetek legszebb \u00e9lm\u00e9ny\u00e9t.<\/p>\n\n\n\n<p>K\u00e9pzelj\u00e9tek el: kedden megtartj\u00e1tok a szertart\u00e1st \u00e9s a lakodalmat, m\u00e1snap reggel pedig egy\u00fctt reggeliztek a vend\u00e9gekkel a k\u00faria terasz\u00e1n, ahol m\u00e9g mindenki nosztalgi\u00e1zik a nagy napr\u00f3l.<\/p>\n\n\n\n<p>Napk\u00f6zben k\u00f6z\u00f6s programokat szervezhettek: egy s\u00e9t\u00e1t a kertben vagy egy k\u00f6tetlen besz\u00e9lget\u00e9st borozgat\u00e1s mellett. \u00cdgy az esk\u00fcv\u0151t\u00f6k nem csup\u00e1n egyetlen napr\u00f3l sz\u00f3l, hanem egy val\u00f3di \u00e9lm\u00e9nyr\u0151l, ami napokon \u00e1t tart. Ez az, ami igaz\u00e1n felejthetetlenn\u00e9 teszi az esk\u00fcv\u0151t\u00f6ket \u2013 nektek \u00e9s a vend\u00e9geiteknek is.<\/p>\n\n\n\n<h2 class=\"wp-block-heading\" id=\"mire-figyeljetek-a-hetkoznapi-eskuvo-tervezesenel\"><strong>Mire figyeljetek a h\u00e9tk\u00f6znapi esk\u00fcv\u0151 tervez\u00e9s\u00e9n\u00e9l?<\/strong><\/h2>\n\n\n\n<h3 class=\"wp-block-heading\" id=\"1-szamoljatok-azzal-hogy-kevesebben-johetnek-el\"><strong>1. Sz\u00e1moljatok azzal, hogy kevesebben j\u00f6hetnek el<\/strong><\/h3>\n\n\n\n<p>A legnagyobb kih\u00edv\u00e1s a vend\u00e9gek id\u0151beoszt\u00e1sa. Munka, iskola, csal\u00e1di elfoglalts\u00e1gok miatt lehet, hogy h\u00e9tk\u00f6znap kevesebben tudnak majd elj\u00f6nni. Ez azonban nem a szeretet\u00fck hi\u00e1ny\u00e1t jelenti, hanem egyszer\u0171en a h\u00e9tk\u00f6znapok realit\u00e1s\u00e1t. L\u00e9gy rugalmas, \u00e9s fogadd el, hogy a n\u00e1szn\u00e9p kisebb lehet \u2013 de ez egy\u00fattal intimebb, bens\u0151s\u00e9gesebb hangulatot is ad.<\/p>\n\n\n\n<figure class=\"wp-block-image aligncenter size-large\"><img loading=\"lazy\" decoding=\"async\" width=\"1024\" height=\"576\" src=\"https:\/\/letilkuria.hu\/wp-content\/uploads\/004-1024x576.webp\" alt=\"\" class=\"wp-image-3854\" title=\"\" srcset=\"https:\/\/letilkuria.hu\/wp-content\/uploads\/004-980x551.webp 980w, https:\/\/letilkuria.hu\/wp-content\/uploads\/004-480x270.webp 480w\" sizes=\"(min-width: 0px) and (max-width: 480px) 480px, (min-width: 481px) and (max-width: 980px) 980px, (min-width: 981px) 1024px, 100vw\" \/><\/figure>\n\n\n\n<h3 class=\"wp-block-heading\" id=\"2-kuldjetek-ki-a-meghivokat-joval-elore\"><strong>2. K\u00fcldj\u00e9tek ki a megh\u00edv\u00f3kat j\u00f3val el\u0151re<\/strong><\/h3>\n\n\n\n<p>Ha h\u00e9tk\u00f6znapra szerveztek esk\u00fcv\u0151t, k\u00fcl\u00f6n\u00f6sen fontos, hogy a vend\u00e9gek id\u0151ben tudjanak r\u00f3la. M\u00e1r 8-9 h\u00f3nappal el\u0151tte \u00e9rdemes kik\u00fcldeni a d\u00e1tumot, hogy mindenki szabads\u00e1got tudjon k\u00e9rni, \u00e9s el\u0151re megszervezhesse az utaz\u00e1st.<\/p>\n\n\n\n<h3 class=\"wp-block-heading\" id=\"3-gondoljatok-a-legfontosabb-vendegekre\"><strong>3. Gondoljatok a legfontosabb vend\u00e9gekre<\/strong><\/h3>\n\n\n\n<p>Miel\u0151tt lefoglaln\u00e1tok a helysz\u00ednt, egyeztessetek azokkal, akik n\u00e9lk\u00fcl nem tudn\u00e1tok elk\u00e9pzelni az esk\u00fcv\u0151t. Ha \u0151k biztosan r\u00e1\u00e9rnek, nagyobb nyugalommal k\u00f6thetitek le a d\u00e1tumot.<\/p>\n\n\n\n<figure class=\"wp-block-image aligncenter size-large\"><img loading=\"lazy\" decoding=\"async\" width=\"1024\" height=\"576\" src=\"https:\/\/letilkuria.hu\/wp-content\/uploads\/005-1024x576.webp\" alt=\"\" class=\"wp-image-3855\" title=\"\" srcset=\"https:\/\/letilkuria.hu\/wp-content\/uploads\/005-980x551.webp 980w, https:\/\/letilkuria.hu\/wp-content\/uploads\/005-480x270.webp 480w\" sizes=\"(min-width: 0px) and (max-width: 480px) 480px, (min-width: 481px) and (max-width: 980px) 980px, (min-width: 981px) 1024px, 100vw\" \/><\/figure>\n\n\n\n<h3 class=\"wp-block-heading\" id=\"4-valasszatok-ki-okosan-az-idopontot\"><strong>4. V\u00e1lassz\u00e1tok ki okosan az id\u0151pontot<\/strong><\/h3>\n\n\n\n<p>Egy h\u00e9tk\u00f6znapi esk\u00fcv\u0151n\u00e9l k\u00fcl\u00f6n\u00f6sen sz\u00e1m\u00edt, mikorra esik a cerem\u00f3nia. A kora d\u00e9lut\u00e1n tal\u00e1n t\u00fal neh\u00e9z a dolgoz\u00f3 vend\u00e9geknek, m\u00edg egy kora esti szertart\u00e1sra k\u00f6nnyebben be tudnak csatlakozni.<\/p>\n\n\n\n<figure class=\"wp-block-image aligncenter size-large\"><img loading=\"lazy\" decoding=\"async\" width=\"1024\" height=\"576\" src=\"https:\/\/letilkuria.hu\/wp-content\/uploads\/006-1024x576.webp\" alt=\"\" class=\"wp-image-3856\" title=\"\" srcset=\"https:\/\/letilkuria.hu\/wp-content\/uploads\/006-980x551.webp 980w, https:\/\/letilkuria.hu\/wp-content\/uploads\/006-480x270.webp 480w\" sizes=\"(min-width: 0px) and (max-width: 480px) 480px, (min-width: 481px) and (max-width: 980px) 980px, (min-width: 981px) 1024px, 100vw\" \/><\/figure>\n\n\n\n<h2 class=\"wp-block-heading\" id=\"gyakori-kerdesek-a-hetkoznapi-eskuvokrol\"><strong>Gyakori k\u00e9rd\u00e9sek a h\u00e9tk\u00f6znapi esk\u00fcv\u0151kr\u0151l<\/strong><\/h2>\n\n\n\n<h2 class=\"wp-block-heading\" id=\"illetlenseg-hetkoznap-eskuvot-tartani\"><strong>Illetlens\u00e9g h\u00e9tk\u00f6znap esk\u00fcv\u0151t tartani?<\/strong><\/h2>\n\n\n\n<p>Egy\u00e1ltal\u00e1n nem az! Az esk\u00fcv\u0151 r\u00f3latok sz\u00f3l, \u00e9s ha a k\u00f6lts\u00e9gvet\u00e9s vagy egy k\u00fcl\u00f6nleges d\u00e1tum miatt h\u00e9tf\u0151re vagy cs\u00fct\u00f6rt\u00f6kre esik, az is teljesen rendben van. S\u0151t, sokan szeretik a h\u00e9tk\u00f6znapi esk\u00fcv\u0151k k\u00fcl\u00f6nleges hangulat\u00e1t.<\/p>\n\n\n\n<h2 class=\"wp-block-heading\" id=\"mennyire-gyakori\"><strong>Mennyire gyakori?<\/strong><\/h2>\n\n\n\n<p>B\u00e1r m\u00e9g mindig a h\u00e9tv\u00e9gi d\u00e1tumok a legn\u00e9pszer\u0171bbek, a h\u00e9tk\u00f6znapi esk\u00fcv\u0151k egyre elterjedtebbek \u2013 f\u0151leg a fiatalabb gener\u00e1ci\u00f3k k\u00f6r\u00e9ben. A pand\u00e9mia miatt sok p\u00e1r volt k\u00e9nytelen \u00e1t\u00fctemezni az esk\u00fcv\u0151j\u00e9t, \u00e9s \u00edgy v\u00e1lt egyre megszokottabb\u00e1 a h\u00e9tk\u00f6znapi d\u00e1tum.<\/p>\n\n\n\n<h2 class=\"wp-block-heading\" id=\"melyik-nap-a-legjobb\"><strong>Melyik nap a legjobb?<\/strong><\/h2>\n\n\n\n<p>A h\u00e9tf\u0151 \u00e9s a cs\u00fct\u00f6rt\u00f6k sz\u00e1m\u00edt a legkedvez\u0151bbnek. H\u00e9tf\u0151n a vend\u00e9gek r\u00e1 tudnak \u00e9rni a h\u00e9tv\u00e9gi \u00e9rkez\u00e9s ut\u00e1n, cs\u00fct\u00f6rt\u00f6k\u00f6n pedig k\u00f6nnyebb szabads\u00e1got kivenni, \u00e9s sokszor olcs\u00f3bbak a szolg\u00e1ltat\u00f3k is.<\/p>\n\n\n\n<figure class=\"wp-block-image aligncenter size-large\"><img loading=\"lazy\" decoding=\"async\" width=\"1024\" height=\"576\" src=\"https:\/\/letilkuria.hu\/wp-content\/uploads\/007-1024x576.webp\" alt=\"\" class=\"wp-image-3857\" title=\"\" srcset=\"https:\/\/letilkuria.hu\/wp-content\/uploads\/007-980x551.webp 980w, https:\/\/letilkuria.hu\/wp-content\/uploads\/007-480x270.webp 480w\" sizes=\"(min-width: 0px) and (max-width: 480px) 480px, (min-width: 481px) and (max-width: 980px) 980px, (min-width: 981px) 1024px, 100vw\" \/><\/figure>\n\n\n\n<h2 class=\"wp-block-heading\" id=\"lezaras\"><strong>Lez\u00e1r\u00e1s<\/strong><\/h2>\n\n\n\n<p>A h\u00e9tk\u00f6znapi esk\u00fcv\u0151 nem kompromisszum, hanem lehet\u0151s\u00e9g. Lehet\u0151s\u00e9g arra, hogy kil\u00e9pjetek a megszokottb\u00f3l, k\u00f6lts\u00e9gbar\u00e1tabb \u00e9s rugalmasabb megold\u00e1st tal\u00e1ljatok, \u00e9s val\u00f3ban egyedi \u00e9lm\u00e9nyt hozzatok l\u00e9tre.<\/p>\n\n\n\n<p>Lehet, hogy nem mindenki tud majd jelen lenni, de \u00e9ppen ett\u0151l v\u00e1lik a Nagy Nap bens\u0151s\u00e9gesebb\u00e9, szem\u00e9lyesebb\u00e9. Azokkal \u00fcnnepelhettek, akik igaz\u00e1n fontosak nektek \u2013 \u00e9s a t\u00f6rt\u00e9netetek \u00edgy kap k\u00fcl\u00f6nleges keretet.<\/p>\n\n\n\n<p>A Le Til K\u00fari\u00e1n\u00e1l minden adott ahhoz, hogy ak\u00e1r h\u00e9tf\u0151n, ak\u00e1r cs\u00fct\u00f6rt\u00f6k\u00f6n mondj\u00e1tok ki az igent. Az eleg\u00e1ns terek, a term\u00e9szet k\u00f6zels\u00e9ge \u00e9s a gondos szervez\u00e9s mind hozz\u00e1j\u00e1rulnak ahhoz, hogy a h\u00e9tk\u00f6znapb\u00f3l \u00fcnnep legyen. Hiszen a h\u00e1zass\u00e1g maga is err\u0151l sz\u00f3l: a mindennapokat is \u00fcnnepp\u00e9 form\u00e1lni.<\/p>\n\n\n\n<p>Mondj\u00e1tok ki n\u00e1lunk az igent! Tov\u00e1bbi inform\u00e1ci\u00f3\u00e9rt keressetek minket bizalommal az al\u00e1bbi el\u00e9rhet\u0151s\u00e9gek valamelyik\u00e9n:<\/p>\n\n\n\n<p><a href=\"tel:06202621111\">+36 (20) 262 1111<\/a><\/p>\n\n\n\n<p><a href=\"mailto:info@letilkuria.hu\">info@letilkuria.hu<\/a><\/p>\n\n\n\n<p><a href=\"https:\/\/letilkuria.hu\/en\/\" data-type=\"page\" data-id=\"10\">www.letilkuria.hu<\/a><\/p>\n\n\n\n<p class=\"bp-caption\">Fot\u00f3k: <a href=\"https:\/\/gretagerencser.com\/\" target=\"_blank\" rel=\"noreferrer noopener\">Gerencs\u00e9r Gr\u00e9ta<\/a><\/p>","protected":false},"excerpt":{"rendered":"<p>A h\u00e9tk\u00f6znapi esk\u00fcv\u0151 nem kompromisszum, hanem lehet\u0151s\u00e9g: szabadabb szervez\u00e9s, kedvez\u0151bb \u00e1rak, intimebb hangulat. Fedezd fel el\u0151nyeit!<\/p>","protected":false},"author":1,"featured_media":3851,"comment_status":"closed","ping_status":"open","sticky":false,"template":"","format":"standard","meta":{"_et_pb_use_builder":"off","_et_pb_old_content":"","_et_gb_content_width":"","footnotes":""},"categories":[1],"tags":[],"class_list":["post-3850","post","type-post","status-publish","format-standard","has-post-thumbnail","hentry","category-uncategorized-hu"],"_links":{"self":[{"href":"https:\/\/letilkuria.hu\/en\/wp-json\/wp\/v2\/posts\/3850","targetHints":{"allow":["GET"]}}],"collection":[{"href":"https:\/\/letilkuria.hu\/en\/wp-json\/wp\/v2\/posts"}],"about":[{"href":"https:\/\/letilkuria.hu\/en\/wp-json\/wp\/v2\/types\/post"}],"author":[{"embeddable":true,"href":"https:\/\/letilkuria.hu\/en\/wp-json\/wp\/v2\/users\/1"}],"replies":[{"embeddable":true,"href":"https:\/\/letilkuria.hu\/en\/wp-json\/wp\/v2\/comments?post=3850"}],"version-history":[{"count":0,"href":"https:\/\/letilkuria.hu\/en\/wp-json\/wp\/v2\/posts\/3850\/revisions"}],"wp:featuredmedia":[{"embeddable":true,"href":"https:\/\/letilkuria.hu\/en\/wp-json\/wp\/v2\/media\/3851"}],"wp:attachment":[{"href":"https:\/\/letilkuria.hu\/en\/wp-json\/wp\/v2\/media?parent=3850"}],"wp:term":[{"taxonomy":"category","embeddable":true,"href":"https:\/\/letilkuria.hu\/en\/wp-json\/wp\/v2\/categories?post=3850"},{"taxonomy":"post_tag","embeddable":true,"href":"https:\/\/letilkuria.hu\/en\/wp-json\/wp\/v2\/tags?post=3850"}],"curies":[{"name":"wp","href":"https:\/\/api.w.org\/{rel}","templated":true}]}}