{"id":3839,"date":"2025-09-10T12:55:21","date_gmt":"2025-09-10T12:55:21","guid":{"rendered":"https:\/\/letilkuria.hu\/?p=3839"},"modified":"2025-09-11T07:27:40","modified_gmt":"2025-09-11T07:27:40","slug":"winter-wonderland-avagy-ezert-eri-meg-a-teli-eskuvo","status":"publish","type":"post","link":"https:\/\/letilkuria.hu\/en\/winter-wonderland-avagy-ezert-eri-meg-a-teli-eskuvo\/","title":{"rendered":"Winter Wonderland: avagy, ez\u00e9rt \u00e9ri meg a t\u00e9li esk\u00fcv\u0151"},"content":{"rendered":"<p>Amikor az esk\u00fcv\u0151 sz\u00f3ba ker\u00fcl, a legt\u00f6bben r\u00f6gt\u00f6n a ny\u00e1rra gondolnak: vir\u00e1gba borult kertek, szabadt\u00e9ri szertart\u00e1sok, ragyog\u00f3 naps\u00fct\u00e9s. M\u00e9gis egyre t\u00f6bb p\u00e1r d\u00f6nt \u00fagy, hogy a hideg h\u00f3napokat v\u00e1lasztja a Nagy Napra. Mi\u00e9rt? Mert a t\u00e9l valami eg\u00e9szen k\u00fcl\u00f6nlegeset ad: tiszta, szikr\u00e1z\u00f3 leveg\u0151t, h\u00f3val fedett t\u00e1jat, gyertyaf\u00e9nyes meghitts\u00e9get \u00e9s azt a megfoghatatlan var\u00e1zst, ami semmilyen m\u00e1s \u00e9vszakban nem ism\u00e9telhet\u0151 meg.<\/p>\n\n\n\n<p>Egy t\u00e9li esk\u00fcv\u0151 egyszerre romantikus \u00e9s eleg\u00e1ns: nem kell tartanod a h\u0151s\u00e9gt\u0151l, a p\u00e1r\u00e1t\u00f3l vagy att\u00f3l, hogy el\u00e1zol egy hirtelen j\u00f6tt ny\u00e1ri zivatarban. Helyette ott a puha h\u00f3, a kandall\u00f3 melege, a f\u00e9nyek ragyog\u00e1sa \u00e9s a vend\u00e9gek \u00f6r\u00f6me, akik val\u00f3di \u00fcnnepi hangulatban \u00e9lik \u00e1t veletek a pillanatot. R\u00e1ad\u00e1sul, a t\u00e9l csod\u00e1latos szimbolik\u00e1val b\u00edr, tal\u00e1n az\u00e9rt, mert van valami meghitt \u00e9s var\u00e1zslatos a t\u00e9li csodaorsz\u00e1gban; vagy tal\u00e1n az\u00e9rt, mert ez a t\u00f6k\u00e9letes id\u0151szak arra, hogy elvess\u00fck egy \u00faj \u00e9let magjait \u2013 egy h\u00e1zass\u00e1g\u00e9t \u2013, amely tavaszra m\u00e1r teljesen kiteljesedhet.<\/p>\n\n\n\n<p>Ha elgondolkodt\u00e1l m\u00e1r azon, hogy kil\u00e9psz a szok\u00e1sos esk\u00fcv\u0151i menetrendb\u0151l, a t\u00e9l t\u00f6k\u00e9letes alkalmat k\u00edn\u00e1l r\u00e1. Tarts vel\u00fcnk, \u00e9s fedezd fel, mi\u00e9rt lehet \u00e9leted egyik legjobb d\u00f6nt\u00e9se egy t\u00e9li esk\u00fcv\u0151!<\/p>\n\n\n\n<div class=\"wp-block-rank-math-toc-block\" id=\"rank-math-toc\"><h2>Tartalomjegyz\u00e9k<\/h2><nav><ul><li class=\"\"><a href=\"#miert-eri-meg-a-teli-eskuvo\">Mi\u00e9rt \u00e9ri meg a t\u00e9li esk\u00fcv\u0151?<\/a><\/li><li class=\"\"><a href=\"#1-nem-kell-aggodnod-az-idojaras-miatt\">1. Nem kell agg\u00f3dnod az id\u0151j\u00e1r\u00e1s miatt<\/a><\/li><li class=\"\"><a href=\"#2-paratartalom-nem-szol-kozbe\">2. P\u00e1ratartalom? Nem sz\u00f3l k\u00f6zbe!<\/a><\/li><li class=\"\"><a href=\"#3-dramai-megjelenes-gazdag-szinek\">3. Dr\u00e1mai megjelen\u00e9s, gazdag sz\u00ednek<\/a><\/li><li class=\"\"><a href=\"#4-a-fenyek-meghittsege\">4. A f\u00e9nyek meghitts\u00e9ge<\/a><\/li><li class=\"\"><a href=\"#5-izek-amelyek-atmelegitenek\">5. \u00cdzek, amelyek \u00e1tmeleg\u00edtenek<\/a><\/li><li class=\"\"><a href=\"#6-kenyelmesebb-szervezes-es-kedvezmenyek\">6. K\u00e9nyelmesebb szervez\u00e9s \u00e9s kedvezm\u00e9nyek<\/a><\/li><li class=\"\"><a href=\"#7-egyediseg-ami-kiemel-a-tomegbol\">7. Egyedis\u00e9g, ami kiemel a t\u00f6megb\u0151l<\/a><\/li><li class=\"\"><a href=\"#8-teli-divat\">8. T\u00e9li divat<\/a><\/li><\/ul><\/nav><\/div>\n\n\n\n<h2 class=\"wp-block-heading\" id=\"miert-eri-meg-a-teli-eskuvo\"><strong>Mi\u00e9rt \u00e9ri meg a t\u00e9li esk\u00fcv\u0151?<\/strong><\/h2>\n\n\n\n<figure class=\"wp-block-image aligncenter size-large\"><a href=\"https:\/\/vamosphotography.com\/\" target=\"_blank\" rel=\" noreferrer noopener\"><img loading=\"lazy\" decoding=\"async\" width=\"1024\" height=\"576\" src=\"https:\/\/letilkuria.hu\/wp-content\/uploads\/02-1024x576.webp\" alt=\"t\u00e9li esk\u00fcv\u0151\" class=\"wp-image-3841\" title=\"\" srcset=\"https:\/\/letilkuria.hu\/wp-content\/uploads\/02-980x551.webp 980w, https:\/\/letilkuria.hu\/wp-content\/uploads\/02-480x270.webp 480w\" sizes=\"(min-width: 0px) and (max-width: 480px) 480px, (min-width: 481px) and (max-width: 980px) 980px, (min-width: 981px) 1024px, 100vw\" \/><\/a><\/figure>\n\n\n\n<h2 class=\"wp-block-heading\" id=\"1-nem-kell-aggodnod-az-idojaras-miatt\"><strong>1. Nem kell agg\u00f3dnod az id\u0151j\u00e1r\u00e1s miatt<\/strong><\/h2>\n\n\n\n<p>Ny\u00e1ron mindig ott a bizonytalans\u00e1g: esni fog? Forr\u00f3s\u00e1g lesz? Esetleg mi van, ha vihar k\u00f6zel\u00edt? Az ilyen t\u00edpus\u00fa esk\u00fcv\u0151kn\u00e9l gyakran k\u00e9sz\u00fclni kell B-tervvel, ugyanis a term\u00e9szet szeret k\u00f6zbesz\u00f3lni.<\/p>\n\n\n\n<p>T\u00e9len azonban a helysz\u00ednek t\u00f6bbs\u00e9ge belt\u00e9rre tervezett, \u00edgy az id\u0151j\u00e1r\u00e1s szesz\u00e9lyei nem sz\u00f3lhatnak bele a nagy nap forgat\u00f3k\u00f6nyv\u00e9be. Nem kell agg\u00f3dnod, nem kell \u00e1tszervezned mindent az utols\u00f3 pillanatban \u2013 \u00edgy egyszer\u0171en meg\u00e9lheted a menyegz\u0151t \u00fagy, ahogyan azt meg\u00e1lmodtad.<\/p>\n\n\n\n<h2 class=\"wp-block-heading\" id=\"2-paratartalom-nem-szol-kozbe\"><strong>2. P\u00e1ratartalom? Nem sz\u00f3l k\u00f6zbe!<\/strong><\/h2>\n\n\n\n<p>Sokan nehezen b\u00edrj\u00e1k a ny\u00e1ri meleget \u2013 hamar ny\u0171g\u00f6sek, ingerl\u00e9kenyek lesznek t\u0151le. A hideg ellen azonban egyszer\u0171 a v\u00e9dekez\u00e9s: felvesz\u00fcnk m\u00e9g egy r\u00e9teget. De, amikor perzsel a nap \u00e9s f\u00fclledt a leveg\u0151, a h\u0151s\u00e9g el\u0151l nincs igaz\u00e1n menekv\u00e9s.<\/p>\n\n\n\n<p>Ha viszont m\u00e9gis a ny\u00e1ri esk\u00fcv\u0151t v\u00e1lasztod, komolyan meg kell k\u00fczdened a p\u00e1ratartalommal. Ha nem siker\u00fcl, k\u00f6nnyen azon kaphatod magad, hogy te \u00e9s a vend\u00e9geid is izzadtan feszengtek az \u00fcnnepi ruh\u00e1kban, a smink pedig lassan leolvad r\u00f3latok. A szertart\u00e1s \u00e9s a fot\u00f3z\u00e1s k\u00f6zben is gyakran hunyorogni kell a t\u0171z\u0151 nap miatt.<\/p>\n\n\n\n<p>A t\u00e9li esk\u00fcv\u0151 ezzel szemben megk\u00edm\u00e9l ett\u0151l a fajta k\u00e9nyelmetlens\u00e9gt\u0151l. A h\u0171v\u00f6s leveg\u0151 friss\u00edt\u0151, a vend\u00e9gek felszabadultabbak lehetnek ez\u00e1ltal, az pedig m\u00e1r csak plusz, hogy a sminked \u00e9s a frizur\u00e1d a nap v\u00e9g\u00e9ig t\u00f6k\u00e9letesen tarhat. \u00cdgy val\u00f3ban az \u00fcnnepl\u00e9sre tudsz figyelni, nem az id\u0151j\u00e1r\u00e1sra.<\/p>\n\n\n\n<figure class=\"wp-block-image aligncenter size-large\"><a href=\"https:\/\/vamosphotography.com\/\" target=\"_blank\" rel=\" noreferrer noopener\"><img loading=\"lazy\" decoding=\"async\" width=\"1024\" height=\"576\" src=\"https:\/\/letilkuria.hu\/wp-content\/uploads\/03-1024x576.webp\" alt=\"\" class=\"wp-image-3842\" title=\"\" srcset=\"https:\/\/letilkuria.hu\/wp-content\/uploads\/03-980x551.webp 980w, https:\/\/letilkuria.hu\/wp-content\/uploads\/03-480x270.webp 480w\" sizes=\"(min-width: 0px) and (max-width: 480px) 480px, (min-width: 481px) and (max-width: 980px) 980px, (min-width: 981px) 1024px, 100vw\" \/><\/a><\/figure>\n\n\n\n<h2 class=\"wp-block-heading\" id=\"3-dramai-megjelenes-gazdag-szinek\"><strong>3. Dr\u00e1mai megjelen\u00e9s, gazdag sz\u00ednek<\/strong><\/h2>\n\n\n\n<p>A t\u00e9l a m\u00e9ly t\u00f3nusok \u00e9s a gazdag anyagok \u00e9vszaka. Bord\u00f3, smaragdz\u00f6ld, s\u00f6t\u00e9tk\u00e9k vagy \u00e9pp b\u00e1rsony \u2013 olyan \u00e1rnyalatok \u00e9s text\u00far\u00e1k, amelyek ny\u00e1ron t\u00fal nehezek lenn\u00e9nek, t\u00e9len azonban l\u00e9legzetel\u00e1ll\u00edt\u00f3ak. Gondolj bele: a h\u00f3feh\u00e9r t\u00e1j h\u00e1tter\u00e9ben mennyire kiemelkedik egy m\u00e9lyv\u00f6r\u00f6s csokor vagy egy eleg\u00e1ns, f\u00f6ldig \u00e9r\u0151 ruha. A fot\u00f3k egyszer\u0171en mes\u00e9sek lesznek.<\/p>\n\n\n\n<figure class=\"wp-block-image aligncenter size-large\"><a href=\"https:\/\/vamosphotography.com\/\" target=\"_blank\" rel=\" noreferrer noopener\"><img loading=\"lazy\" decoding=\"async\" width=\"1024\" height=\"576\" src=\"https:\/\/letilkuria.hu\/wp-content\/uploads\/04-1024x576.webp\" alt=\"\" class=\"wp-image-3843\" title=\"\" srcset=\"https:\/\/letilkuria.hu\/wp-content\/uploads\/04-980x551.webp 980w, https:\/\/letilkuria.hu\/wp-content\/uploads\/04-480x270.webp 480w\" sizes=\"(min-width: 0px) and (max-width: 480px) 480px, (min-width: 481px) and (max-width: 980px) 980px, (min-width: 981px) 1024px, 100vw\" \/><\/a><\/figure>\n\n\n\n<h2 class=\"wp-block-heading\" id=\"4-a-fenyek-meghittsege\"><strong>4. A f\u00e9nyek meghitts\u00e9ge<\/strong><\/h2>\n\n\n\n<p>A r\u00f6vid nappalok miatt a t\u00e9li esk\u00fcv\u0151n\u00e9l sokkal nagyobb szerepet kap a vil\u00e1g\u00edt\u00e1s. \u00c9s ez hatalmas el\u0151ny! Gyerty\u00e1k, f\u00e9nyf\u00fcz\u00e9rek, csill\u00e1rf\u00e9nyek \u2013 mind olyan atmoszf\u00e9r\u00e1t teremtenek, ami egyszerre romantikus \u00e9s \u00fcnnepi. A meleg f\u00e9nyek meghitts\u00e9ge p\u00e1ratlan, a fot\u00f3kon pedig olyan hangulatot adnak vissza, amit a ny\u00e1r nem tudna megid\u00e9zni.<\/p>\n\n\n\n<h2 class=\"wp-block-heading\" id=\"5-izek-amelyek-atmelegitenek\"><strong>5. \u00cdzek, amelyek \u00e1tmeleg\u00edtenek<\/strong><\/h2>\n\n\n\n<p>A t\u00e9li men\u00fcsor mindig k\u00fcl\u00f6nleges. Gondolj forralt borra, f\u0171szeres levesekre, s\u00fclt z\u00f6lds\u00e9gekre, gazdag ragukra vagy egy forr\u00f3 csoki b\u00e1rra. Ezek nem csup\u00e1n finomak, hanem a vend\u00e9geidet is \u00e1tmeleg\u00edtik, mik\u00f6zben k\u00f6z\u00f6ss\u00e9gi \u00e9lm\u00e9nyt adnak. Egy t\u00e9li esk\u00fcv\u0151 gasztron\u00f3miai \u00e9lm\u00e9ny is, ahol az \u00e9telek \u00e9s italok a hangulat r\u00e9szei.<\/p>\n\n\n\n<h2 class=\"wp-block-heading\" id=\"6-kenyelmesebb-szervezes-es-kedvezmenyek\"><strong>6. K\u00e9nyelmesebb szervez\u00e9s \u00e9s kedvezm\u00e9nyek<\/strong><\/h2>\n\n\n\n<p>Mivel a t\u00e9li id\u0151szakot kevesebben v\u00e1lasztj\u00e1k, sokkal k\u00f6nnyebb megtal\u00e1lni a t\u00f6k\u00e9letes d\u00e1tumot \u00e9s helysz\u00ednt. Nem kell \u00e9vekkel el\u0151re lefoglalni, nagyobb az es\u00e9ly arra, hogy pontosan azt a napot kapj\u00e1tok, amit szerettetek volna. \u00c9s nemcsak a szervez\u00e9s lesz g\u00f6rd\u00fcl\u00e9kenyebb, hanem kedvezm\u00e9nyek is v\u00e1rnak: a Le Til K\u00fari\u00e1n\u00e1l p\u00e9ld\u00e1ul novemberi \u00e9s decemberi id\u0151pontokra most m\u00e9g id\u00e9nre 20% kedvezm\u00e9nnyel tudunk esk\u00fcv\u0151t k\u00edn\u00e1lni. Ez egy ritka lehet\u0151s\u00e9g, hogy \u00e1lomhelysz\u00ednen, kedvez\u0151bb felt\u00e9telekkel mondj\u00e1tok ki az igent.<\/p>\n\n\n\n<figure class=\"wp-block-image aligncenter size-large\"><a href=\"https:\/\/vamosphotography.com\/\" target=\"_blank\" rel=\" noreferrer noopener\"><img loading=\"lazy\" decoding=\"async\" width=\"1024\" height=\"576\" src=\"https:\/\/letilkuria.hu\/wp-content\/uploads\/06-1024x576.webp\" alt=\"\" class=\"wp-image-3845\" title=\"\" srcset=\"https:\/\/letilkuria.hu\/wp-content\/uploads\/06-980x551.webp 980w, https:\/\/letilkuria.hu\/wp-content\/uploads\/06-480x270.webp 480w\" sizes=\"(min-width: 0px) and (max-width: 480px) 480px, (min-width: 481px) and (max-width: 980px) 980px, (min-width: 981px) 1024px, 100vw\" \/><\/a><\/figure>\n\n\n\n<h2 class=\"wp-block-heading\" id=\"7-egyediseg-ami-kiemel-a-tomegbol\"><strong>7. Egyedis\u00e9g, ami kiemel a t\u00f6megb\u0151l<\/strong><\/h2>\n\n\n\n<p>Mivel a legt\u00f6bben a ny\u00e1ri h\u00f3napokat v\u00e1lasztj\u00e1k, a t\u00e9li esk\u00fcv\u0151 mindig k\u00fcl\u00f6nleges \u00e9s eml\u00e9kezetes marad. Nem olvad bele a \u201em\u00e9g egy ny\u00e1ri esk\u00fcv\u0151\u201d sor\u00e1ba, hanem egyedi \u00e9lm\u00e9nyk\u00e9nt tudatosul mindenkiben. Lehet\u0151s\u00e9get ad arra, hogy igaz\u00e1n kreat\u00edv legy\u00e9l a dekor\u00e1ci\u00f3ban: h\u00f3feh\u00e9r asztald\u00edszek, krist\u00e1lyok, ez\u00fcst \u00e9s arany r\u00e9szletek, f\u00e9nyekkel \u00e1tsz\u0151tt hangulat \u2013 mind olyan elemek, amikb\u0151l val\u00f3di mesevil\u00e1g sz\u00fcletik.<\/p>\n\n\n\n<figure class=\"wp-block-image aligncenter size-large\"><a href=\"https:\/\/vamosphotography.com\/\" target=\"_blank\" rel=\" noreferrer noopener\"><img loading=\"lazy\" decoding=\"async\" width=\"1024\" height=\"576\" src=\"https:\/\/letilkuria.hu\/wp-content\/uploads\/07-1024x576.webp\" alt=\"\" class=\"wp-image-3846\" title=\"\" srcset=\"https:\/\/letilkuria.hu\/wp-content\/uploads\/07-980x551.webp 980w, https:\/\/letilkuria.hu\/wp-content\/uploads\/07-480x270.webp 480w\" sizes=\"(min-width: 0px) and (max-width: 480px) 480px, (min-width: 481px) and (max-width: 980px) 980px, (min-width: 981px) 1024px, 100vw\" \/><\/a><\/figure>\n\n\n\n<h2 class=\"wp-block-heading\" id=\"8-teli-divat\"><strong>8. T\u00e9li divat<\/strong><\/h2>\n\n\n\n<p>A menyasszonyi divat t\u00e9len k\u00fcl\u00f6n\u00f6sen izgalmas. Hossz\u00fa ujj\u00fa csipkeruh\u00e1k, eleg\u00e1ns f\u00e1tylak, keszty\u0171k, csillog\u00f3 kieg\u00e9sz\u00edt\u0151k \u2013 olyan darabok, amik a ny\u00e1ri forr\u00f3s\u00e1gban elk\u00e9pzelhetetlenek lenn\u00e9nek. A f\u00e9rfiak is b\u00e1tran v\u00e1laszthatnak m\u00e9lyebb t\u00f3nus\u00fa \u00f6lt\u00f6ny\u00f6ket, b\u00e1rsony zak\u00f3kat ilyenkor. \u00c9s ne feledkezz\u00fcnk meg a vend\u00e9gekr\u0151l sem: a t\u00e9li elegancia mindenkib\u0151l kihozza a legjobb form\u00e1t.<\/p>\n\n\n\n<p>A t\u00e9li esk\u00fcv\u0151 var\u00e1zsa abban rejlik, hogy egyszerre bens\u0151s\u00e9ges \u00e9s grandi\u00f3zus. A csendes h\u00f3es\u00e9s, a meleg f\u00e9nyek, a k\u00f6z\u00f6sen \u00e1t\u00e9lt pillanatok olyan atmoszf\u00e9r\u00e1t teremtenek, amelyet semmilyen m\u00e1s \u00e9vszak nem tud visszaadni. A t\u00e9l a kezdetek ideje \u2013 \u00faj \u00e9v, \u00faj t\u00f6rt\u00e9net, \u00faj \u00e9let. Enn\u00e9l szebb szimb\u00f3luma aligha lehetne a h\u00e1zass\u00e1gotok indul\u00e1s\u00e1nak.<\/p>\n\n\n\n<p>Ha mer\u00e9sz vagy, \u00e9s nem f\u00e9lsz kil\u00e9pni a megszokottb\u00f3l, akkor a t\u00e9li esk\u00fcv\u0151 a te vil\u00e1god. Nem alternat\u00edva, hanem lehet\u0151s\u00e9g: lehet\u0151s\u00e9g arra, hogy a nagy nap val\u00f3ban csak r\u00f3latok sz\u00f3ljon, egyedi \u00e9s felejthetetlen legyen.<\/p>\n\n\n\n<p>A Le Til K\u00fari\u00e1n\u00e1l minden adott ahhoz, hogy egy igazi Winter Wonderlandben mondj\u00e1tok ki a boldog\u00edt\u00f3 igent. A helysz\u00edn eleganci\u00e1ja, a term\u00e9szet k\u00f6zels\u00e9ge \u00e9s a gondosan megtervezett r\u00e9szletek mind azt szolg\u00e1lj\u00e1k, hogy a ti esk\u00fcv\u0151t\u00f6k ne csak sz\u00e9p, hanem \u00f6r\u00f6kk\u00e9 eml\u00e9kezetes legyen. Engedd, hogy a t\u00e9l meghitt var\u00e1zsa k\u00f6r\u00fcl\u00f6leljen, \u00e9s v\u00e1laszd azt az esk\u00fcv\u0151t, amir\u0151l mindig is \u00e1lmodt\u00e1l!<\/p>\n\n\n\n<h2 class=\"wp-block-heading\" id=\"elerhetosegek\"><strong>El\u00e9rhet\u0151s\u00e9gek<\/strong><\/h2>\n\n\n\n<p><a href=\"phone:+36202621111\">+36 (20) 262 1111<\/a><\/p>\n\n\n\n<p><a href=\"mailto:info@letilkuria.hu\">info@letilkuria.hu<\/a><\/p>\n\n\n\n<p><a href=\"https:\/\/letilkuria.hu\/en\/\">www.letilkuria.hu<\/a><\/p>\n\n\n\n<p class=\"bp-caption\">Fot\u00f3: <a href=\"https:\/\/vamosphotography.com\/\" target=\"_blank\" rel=\"noopener\">Vamos Wedding Photography<\/a><\/p>","protected":false},"excerpt":{"rendered":"<p>A t\u00e9li esk\u00fcv\u0151 nem csup\u00e1n alternat\u00edva a ny\u00e1ri h\u00f3napokra, hanem \u00f6nmag\u00e1ban is var\u00e1zslatos v\u00e1laszt\u00e1s: meghitt hangulat, dr\u00e1mai st\u00edlus \u00e9s felejthetetlen \u00e9lm\u00e9nyek v\u00e1rnak r\u00e1d.<\/p>","protected":false},"author":1,"featured_media":3840,"comment_status":"closed","ping_status":"open","sticky":false,"template":"","format":"standard","meta":{"_et_pb_use_builder":"off","_et_pb_old_content":"","_et_gb_content_width":"","footnotes":""},"categories":[9],"tags":[],"class_list":["post-3839","post","type-post","status-publish","format-standard","has-post-thumbnail","hentry","category-eskuvo"],"_links":{"self":[{"href":"https:\/\/letilkuria.hu\/en\/wp-json\/wp\/v2\/posts\/3839","targetHints":{"allow":["GET"]}}],"collection":[{"href":"https:\/\/letilkuria.hu\/en\/wp-json\/wp\/v2\/posts"}],"about":[{"href":"https:\/\/letilkuria.hu\/en\/wp-json\/wp\/v2\/types\/post"}],"author":[{"embeddable":true,"href":"https:\/\/letilkuria.hu\/en\/wp-json\/wp\/v2\/users\/1"}],"replies":[{"embeddable":true,"href":"https:\/\/letilkuria.hu\/en\/wp-json\/wp\/v2\/comments?post=3839"}],"version-history":[{"count":0,"href":"https:\/\/letilkuria.hu\/en\/wp-json\/wp\/v2\/posts\/3839\/revisions"}],"wp:featuredmedia":[{"embeddable":true,"href":"https:\/\/letilkuria.hu\/en\/wp-json\/wp\/v2\/media\/3840"}],"wp:attachment":[{"href":"https:\/\/letilkuria.hu\/en\/wp-json\/wp\/v2\/media?parent=3839"}],"wp:term":[{"taxonomy":"category","embeddable":true,"href":"https:\/\/letilkuria.hu\/en\/wp-json\/wp\/v2\/categories?post=3839"},{"taxonomy":"post_tag","embeddable":true,"href":"https:\/\/letilkuria.hu\/en\/wp-json\/wp\/v2\/tags?post=3839"}],"curies":[{"name":"wp","href":"https:\/\/api.w.org\/{rel}","templated":true}]}}