{"id":3813,"date":"2025-09-01T11:35:18","date_gmt":"2025-09-01T11:35:18","guid":{"rendered":"https:\/\/letilkuria.hu\/?p=3813"},"modified":"2025-09-01T12:57:41","modified_gmt":"2025-09-01T12:57:41","slug":"miert-a-le-til-kuria-a-tokeletes-eskuvoi-helyszin","status":"publish","type":"post","link":"https:\/\/letilkuria.hu\/en\/miert-a-le-til-kuria-a-tokeletes-eskuvoi-helyszin\/","title":{"rendered":"7 ok, ami\u00e9rt a Le Til K\u00faria t\u00f6k\u00e9letes esk\u00fcv\u0151i helysz\u00edn!"},"content":{"rendered":"<p>K\u00e9pzeljetek el egy napot, ahol minden pillanat egy \u00e1lom r\u00e9szletek\u00e9nt bontakozik ki: ahol a naps\u00fct\u00e9s aranyf\u00e9nybe \u00f6lt\u00f6zteti a t\u00e1jat, finom illatok \u00e9s dallamok sz\u00f6vik \u00e1t a leveg\u0151t, \u00e9s minden mozdulat, minden tekintet csak r\u00f3latok sz\u00f3l. Ez a Le Til K\u00fari\u00e1ban tartott esk\u00fcv\u0151. Nem csup\u00e1n egy esem\u00e9ny, hanem egy \u00e9letre sz\u00f3l\u00f3 \u00e9rz\u00e9s \u2013 amely egyszerre kifinomult, szem\u00e9lyes \u00e9s var\u00e1zslatos. A K\u00faria fest\u0151i k\u00f6rnyezete, a var\u00e1zslatos hangulat \u00e9s a szem\u00e9lyre szabott figyelem biztos\u00edtja, hogy a menyegz\u0151t\u00f6k val\u00f3ban felejthetetlen \u00e9lm\u00e9ny legyen.<\/p>\n\n\n\n<p><\/p>\n\n\n\n<p><strong>Az al\u00e1bbiakban \u00f6sszegy\u0171jt\u00f6tt\u00fck 7 okot, ami\u00e9rt a Le Til K\u00faria a legvar\u00e1zslatosabb esk\u00fcv\u0151i helysz\u00edn. Tartsatok vel\u00fcnk!<\/strong><\/p>\n\n\n\n<div class=\"wp-block-rank-math-toc-block\" id=\"rank-math-toc\"><h2>Tartalomjegyz\u00e9k<\/h2><nav><ul><li class=\"\"><a href=\"#1-a-le-til-kuria-tobb-mint-eskuvoi-helyszin\">1. A Le Til K\u00faria: t\u00f6bb, mint esk\u00fcv\u0151i helysz\u00edn<\/a><\/li><li class=\"\"><a href=\"#2-terek-amelyek-meselnek\">2. Terek, amelyek mes\u00e9lnek<\/a><\/li><li class=\"\"><a href=\"#3-a-le-til-kuria-a-reszletek-nyelven-szol-hozzatok\">3. A Le Til K\u00faria a r\u00e9szletek nyelv\u00e9n sz\u00f3l hozz\u00e1tok<\/a><\/li><li class=\"\"><a href=\"#4-dolce-vita-hangulat-a-konnyedseg-es-elegancia-tokeletes-egyensulya\">4. Dolce Vita hangulat: a k\u00f6nnyeds\u00e9g \u00e9s elegancia t\u00f6k\u00e9letes egyens\u00falya<\/a><\/li><li class=\"\"><a href=\"#5-valodi-szakertelem-es-szemelyre-szabott-figyelem\">5. Val\u00f3di szak\u00e9rtelem \u00e9s szem\u00e9lyre szabott figyelem<\/a><\/li><li class=\"\"><a href=\"#6-a-le-til-kuria-a-hely-ahol-az-eskuvo-tobb-mint-egy-nap\">6. A Le Til K\u00faria: a hely, ahol az esk\u00fcv\u0151 t\u00f6bb, mint egy nap<\/a><\/li><li class=\"\"><a href=\"#7-ha-tobbre-vagysz\">7. Ha t\u00f6bbre v\u00e1gysz\u2026<\/a><\/li><li class=\"\"><a href=\"#osszegzes\">\u00d6sszegz\u00e9s<\/a><\/li><\/ul><\/nav><\/div>\n\n\n\n<figure class=\"wp-block-image aligncenter size-large\"><img loading=\"lazy\" decoding=\"async\" width=\"1024\" height=\"576\" src=\"https:\/\/letilkuria.hu\/wp-content\/uploads\/2-4-1024x576.jpg\" alt=\"esk\u00fcv\u0151i helysz\u00edn\" class=\"wp-image-3815\" title=\"\" srcset=\"https:\/\/letilkuria.hu\/wp-content\/uploads\/2-4-980x551.jpg 980w, https:\/\/letilkuria.hu\/wp-content\/uploads\/2-4-480x270.jpg 480w\" sizes=\"(min-width: 0px) and (max-width: 480px) 480px, (min-width: 481px) and (max-width: 980px) 980px, (min-width: 981px) 1024px, 100vw\" \/><\/figure>\n\n\n\n<h2 class=\"wp-block-heading\" id=\"1-a-le-til-kuria-tobb-mint-eskuvoi-helyszin\"><strong>1. A Le Til K\u00faria: t\u00f6bb, mint esk\u00fcv\u0151i helysz\u00edn<\/strong><\/h2>\n\n\n\n<p>A Le Til K\u00faria nem csup\u00e1n egy esk\u00fcv\u0151i helysz\u00edn, hanem egy k\u00fcl\u00f6n vil\u00e1g, amely az \u00e1lmaitokat val\u00f3s\u00edtja meg. Itt nem sablonokb\u00f3l \u00e9p\u00edtkez\u00fcnk, hanem bel\u0151letek, a ti elk\u00e9pzel\u00e9seitekb\u0151l. Minden egyes apr\u00f3 r\u00e9szletet \u00fagy form\u00e1lunk, hogy az val\u00f3ban r\u00f3latok sz\u00f3ljon, \u00e9s eml\u00e9kezetes \u00e9lm\u00e9nny\u00e9 v\u00e1ljon. Le Til menyasszonynak lenni nem csup\u00e1n egy c\u00edm, hanem egy v\u00e1laszt\u00e1s, egy d\u00f6nt\u00e9s az ig\u00e9nyess\u00e9g, st\u00edlus \u00e9s szem\u00e9lyess\u00e9g mellett.<\/p>\n\n\n\n<figure class=\"wp-block-image aligncenter size-large\"><a href=\"https:\/\/vamosphotography.com\/\" target=\"_blank\" rel=\" noreferrer noopener\"><img loading=\"lazy\" decoding=\"async\" width=\"1024\" height=\"576\" src=\"https:\/\/letilkuria.hu\/wp-content\/uploads\/3-4-1024x576.jpg\" alt=\"\" class=\"wp-image-3816\" title=\"\" srcset=\"https:\/\/letilkuria.hu\/wp-content\/uploads\/3-4-980x551.jpg 980w, https:\/\/letilkuria.hu\/wp-content\/uploads\/3-4-480x270.jpg 480w\" sizes=\"(min-width: 0px) and (max-width: 480px) 480px, (min-width: 481px) and (max-width: 980px) 980px, (min-width: 981px) 1024px, 100vw\" \/><\/a><\/figure>\n\n\n\n<h2 class=\"wp-block-heading\" id=\"2-terek-amelyek-meselnek\"><strong>2. Terek, amelyek mes\u00e9lnek<\/strong><\/h2>\n\n\n\n<p>A Le Til K\u00faria minden egyes szeglete \u00faj fejezetet \u00edr esk\u00fcv\u0151t\u00f6k t\u00f6rt\u00e9net\u00e9ben. A romantikus k\u00e1polna meghitt hangulata, a h\u00e1ts\u00f3 kert boh\u00e9m b\u00e1ja, a medencepart mediterr\u00e1n k\u00f6nnyeds\u00e9ge \u2013 mind m\u00e1s-m\u00e1s vil\u00e1got id\u00e9znek, egyes\u00edtve m\u00e9gis r\u00f3latok mes\u00e9lnek. Itt nem csup\u00e1n helysz\u00edneket kaptok, hanem hangulatokat, atmoszf\u00e9r\u00e1kat \u00e9s eml\u00e9keket, amelyek mind \u00f6r\u00f6kre a ti\u00e9tek maradnak. Ez\u00e9rt is garant\u00e1ltan t\u00f6k\u00e9letes esk\u00fcv\u0151i helysz\u00edn a K\u00faria.<\/p>\n\n\n\n<figure class=\"wp-block-image aligncenter size-large\"><a href=\"https:\/\/vamosphotography.com\/\" target=\"_blank\" rel=\" noreferrer noopener\"><img loading=\"lazy\" decoding=\"async\" width=\"1024\" height=\"576\" src=\"https:\/\/letilkuria.hu\/wp-content\/uploads\/4-3-1024x576.jpg\" alt=\"\" class=\"wp-image-3817\" title=\"\" srcset=\"https:\/\/letilkuria.hu\/wp-content\/uploads\/4-3-980x551.jpg 980w, https:\/\/letilkuria.hu\/wp-content\/uploads\/4-3-480x270.jpg 480w\" sizes=\"(min-width: 0px) and (max-width: 480px) 480px, (min-width: 481px) and (max-width: 980px) 980px, (min-width: 981px) 1024px, 100vw\" \/><\/a><\/figure>\n\n\n\n<h2 class=\"wp-block-heading\" id=\"3-a-le-til-kuria-a-reszletek-nyelven-szol-hozzatok\"><strong>3. A Le Til K\u00faria a r\u00e9szletek nyelv\u00e9n sz\u00f3l hozz\u00e1tok<\/strong><\/h2>\n\n\n\n<p>M\u00e1r az \u00e9rkez\u00e9setek is egy k\u00fcl\u00f6n \u00e9lm\u00e9ny. Ahogy \u00e1tl\u00e9ptek a burgundi sz\u0151nyegen, \u00e9rz\u00e9kelni fogj\u00e1tok, hogy valami igaz\u00e1n k\u00fcl\u00f6nleges kezd\u0151dik. A dekor\u00e1ci\u00f3 nem csup\u00e1n eszt\u00e9tikus, hanem k\u00fcl\u00f6n jelent\u00e9ssel b\u00edr. A vir\u00e1gkapuk, a champagne torony, a f\u00e9nyek \u00e9s text\u00far\u00e1k mind azt \u00fczenik: ez a nap a ti\u00e9tek, \u00e9s minden egyes apr\u00f3 r\u00e9szlet \u00fagy van megform\u00e1lva, hogy a ti ig\u00e9nyeiteket szolg\u00e1lja.<\/p>\n\n\n\n<figure class=\"wp-block-image aligncenter size-large\"><a href=\"https:\/\/vamosphotography.com\/\" target=\"_blank\" rel=\" noreferrer noopener\"><img loading=\"lazy\" decoding=\"async\" width=\"1024\" height=\"576\" src=\"https:\/\/letilkuria.hu\/wp-content\/uploads\/5-2-1024x576.jpg\" alt=\"\" class=\"wp-image-3818\" title=\"\" srcset=\"https:\/\/letilkuria.hu\/wp-content\/uploads\/5-2-980x551.jpg 980w, https:\/\/letilkuria.hu\/wp-content\/uploads\/5-2-480x270.jpg 480w\" sizes=\"(min-width: 0px) and (max-width: 480px) 480px, (min-width: 481px) and (max-width: 980px) 980px, (min-width: 981px) 1024px, 100vw\" \/><\/a><\/figure>\n\n\n\n<h2 class=\"wp-block-heading\" id=\"4-dolce-vita-hangulat-a-konnyedseg-es-elegancia-tokeletes-egyensulya\"><strong>4. Dolce Vita hangulat: a k\u00f6nnyeds\u00e9g \u00e9s elegancia t\u00f6k\u00e9letes egyens\u00falya<\/strong><\/h2>\n\n\n\n<p>A Le Til K\u00faria nemcsak a cerem\u00f3ni\u00e1k, hanem az esk\u00fcv\u0151 esti programjainak is a t\u00f6k\u00e9letes helysz\u00edne. K\u00e9pzeld el, hogy a medenceparton egy pizza-show \u00e9s Aperol b\u00e1r v\u00e1rja a vend\u00e9geket, mik\u00f6zben a mediterr\u00e1n dallamok \u00e9s az \u00ednycsikland\u00f3 falatok egy igaz\u00e1n k\u00fcl\u00f6nleges hangulatot teremtenek. A nevet\u00e9sek, a t\u00e1nc \u00e9s a csillagos \u00e9gbolt alatti La Dolce Vita garant\u00e1ltan elragad mindenkit \u2013 ez\u00e1ltal eleg\u00e1ns, felszabadult \u00e9s \u00fcnnep\u00e9lyes l\u00e9gk\u00f6rt megval\u00f3s\u00edtva.<\/p>\n\n\n\n<figure class=\"wp-block-image aligncenter size-large\"><a href=\"https:\/\/vamosphotography.com\/\" target=\"_blank\" rel=\" noreferrer noopener\"><img loading=\"lazy\" decoding=\"async\" width=\"1024\" height=\"576\" src=\"https:\/\/letilkuria.hu\/wp-content\/uploads\/6-2-1024x576.jpg\" alt=\"\" class=\"wp-image-3819\" title=\"\" srcset=\"https:\/\/letilkuria.hu\/wp-content\/uploads\/6-2-980x551.jpg 980w, https:\/\/letilkuria.hu\/wp-content\/uploads\/6-2-480x270.jpg 480w\" sizes=\"(min-width: 0px) and (max-width: 480px) 480px, (min-width: 481px) and (max-width: 980px) 980px, (min-width: 981px) 1024px, 100vw\" \/><\/a><\/figure>\n\n\n\n<h2 class=\"wp-block-heading\" id=\"5-valodi-szakertelem-es-szemelyre-szabott-figyelem\"><strong>5. Val\u00f3di szak\u00e9rtelem \u00e9s szem\u00e9lyre szabott figyelem<\/strong><\/h2>\n\n\n\n<p>A Le Til K\u00faria csapata minden egyes esk\u00fcv\u0151i helysz\u00ednt a legmagasabb szint\u0171 szak\u00e9rtelemmel \u00e9s sz\u00edvb\u0151l k\u00e9sz\u00edti el\u0151. Tudjuk, hogy az eml\u00e9kek min\u0151s\u00e9ge a felk\u00e9sz\u00fcl\u00e9sen is m\u00falik, ez\u00e9rt minden apr\u00f3 r\u00e9szletet a legapr\u00f3l\u00e9kosabban dolgozunk majd ki. A dekor\u00e1ci\u00f3, a f\u00e9nyek, az \u00e9telsor, a zene, \u00e9s a cerem\u00f3nia ritmusa mind \u00fagy vannak megtervezve, hogy esk\u00fcv\u0151t\u00f6k val\u00f3ban titeket t\u00fckr\u00f6zz\u00f6n \u2013 ez\u00e1ltal pedig felejthetetlen is legyen.<\/p>\n\n\n\n<figure class=\"wp-block-image aligncenter size-large\"><a href=\"https:\/\/vamosphotography.com\/\" target=\"_blank\" rel=\" noreferrer noopener\"><img loading=\"lazy\" decoding=\"async\" width=\"1024\" height=\"576\" src=\"https:\/\/letilkuria.hu\/wp-content\/uploads\/7-2-1024x576.jpg\" alt=\"\" class=\"wp-image-3820\" title=\"\" srcset=\"https:\/\/letilkuria.hu\/wp-content\/uploads\/7-2-980x551.jpg 980w, https:\/\/letilkuria.hu\/wp-content\/uploads\/7-2-480x270.jpg 480w\" sizes=\"(min-width: 0px) and (max-width: 480px) 480px, (min-width: 481px) and (max-width: 980px) 980px, (min-width: 981px) 1024px, 100vw\" \/><\/a><\/figure>\n\n\n\n<h2 class=\"wp-block-heading\" id=\"6-a-le-til-kuria-a-hely-ahol-az-eskuvo-tobb-mint-egy-nap\"><strong>6. A Le Til K\u00faria: a hely, ahol az esk\u00fcv\u0151 t\u00f6bb, mint egy nap<\/strong><\/h2>\n\n\n\n<p>N\u00e1lunk egy esk\u00fcv\u0151 nem csup\u00e1n a szervez\u00e9s v\u00e9gpontja, hanem egy \u00e1lom megval\u00f3sul\u00e1sa. Mert a Le Til nemcsak egy hely, ahol kimondj\u00e1tok az \u201eigent\u201d, de ahol meg is \u00e9rzitek, mit jelent igaz\u00e1n \u00f6sszetartozni.<\/p>\n\n\n\n<p>Szeretn\u00e9tek m\u00e9g id\u00e9n egybekelni? Erre is van megold\u00e1sunk&#8230; Illetve, n\u00e9h\u00e1ny szabad id\u0151pontunk az \u0151szi \u00e9s t\u00e9li szezonra, amire ak\u00e1r 20% kedvezm\u00e9nyt is tudunk biztos\u00edtani. Tov\u00e1bbi inform\u00e1ci\u00f3\u00e9rt vegy\u00e9tek fel vel\u00fcnk a kapcsolatot <a href=\"https:\/\/letilkuria.hu\/en\/blog\/\">IDE<\/a> kattintva! Amennyiben pedig nem el\u00e9gedn\u00e9tek meg egy nappal, hanem ak\u00e1r <a href=\"https:\/\/letilkuria.hu\/en\/wedding\/weddingweekend\/\">t\u00f6bbnapos esk\u00fcv\u0151ben<\/a> is gondolkoztok, az is k\u00f6nny\u0171szerrel megval\u00f3s\u00edthat\u00f3 n\u00e1lunk!<\/p>\n\n\n\n<figure class=\"wp-block-image aligncenter size-large\"><a href=\"https:\/\/vamosphotography.com\/\" target=\"_blank\" rel=\" noreferrer noopener\"><img loading=\"lazy\" decoding=\"async\" width=\"1024\" height=\"576\" src=\"https:\/\/letilkuria.hu\/wp-content\/uploads\/8-1-1024x576.jpg\" alt=\"\" class=\"wp-image-3821\" title=\"\" srcset=\"https:\/\/letilkuria.hu\/wp-content\/uploads\/8-1-980x551.jpg 980w, https:\/\/letilkuria.hu\/wp-content\/uploads\/8-1-480x270.jpg 480w\" sizes=\"(min-width: 0px) and (max-width: 480px) 480px, (min-width: 481px) and (max-width: 980px) 980px, (min-width: 981px) 1024px, 100vw\" \/><\/a><\/figure>\n\n\n\n<h2 class=\"wp-block-heading\" id=\"7-ha-tobbre-vagysz\"><strong>7. Ha t\u00f6bbre v\u00e1gysz\u2026<\/strong><\/h2>\n\n\n\n<p>Mi\u00e9rt \u00e9rdemes teh\u00e1t a Le Til K\u00fari\u00e1t v\u00e1lasztanotok? Egy mondattal kifejezve: mert itt minden egyes r\u00e9szlet r\u00f3latok sz\u00f3l. A Le Til K\u00faria egyedi hangulata \u00e9s var\u00e1zslatos atmoszf\u00e9r\u00e1ja biztos\u00edtja, hogy esk\u00fcv\u0151t\u00f6k a lehet\u0151 legk\u00fcl\u00f6nlegesebb \u00e9lm\u00e9ny legyen. Le Til menyasszonynak lenni pedig egy d\u00f6nt\u00e9s. Annak a d\u00f6nt\u00e9se, hogy nem \u00e9ritek be kevesebbel. Mi pedig itt vagyunk, hogy az elk\u00e9pzel\u00e9seiteket val\u00f3s\u00e1gg\u00e1 form\u00e1ljuk, minden r\u00e9szletet t\u00f6k\u00e9letesre hangolva.<\/p>\n\n\n\n<h2 class=\"wp-block-heading\" id=\"osszegzes\"><strong>\u00d6sszegz\u00e9s<\/strong><\/h2>\n\n\n\n<p>A Le Til K\u00faria nem csup\u00e1n egy esk\u00fcv\u0151i helysz\u00edn, hanem egy \u00e9letre sz\u00f3l\u00f3 \u00e9lm\u00e9ny, ahol minden pillanat az els\u0151rang\u00fas\u00e1got t\u00fckr\u00f6zi. A var\u00e1zslatos k\u00f6rnyezet, a kifinomult atmoszf\u00e9ra \u00e9s a szem\u00e9lyre szabott figyelem biztos\u00edtja, hogy a Nagy Nap val\u00f3ban eml\u00e9kezetes legyen. V\u00e1lasszatok minket, \u00e9s engedj\u00e9tek, hogy seg\u00edthess\u00fcnk megval\u00f3s\u00edtani \u00e1lmaitokat!<\/p>\n\n\n\n<p class=\"bp-caption\">Fot\u00f3k:<br><a href=\"https:\/\/vamosphotography.com\/\" target=\"_blank\" rel=\"noopener\">Vamos Wedding Photography<\/a><\/p>","protected":false},"excerpt":{"rendered":"<p>Tudd meg, mi\u00e9rt a Le Til K\u00faria a legvar\u00e1zslatosabb esk\u00fcv\u0151i helysz\u00edn. <\/p>","protected":false},"author":1,"featured_media":3814,"comment_status":"closed","ping_status":"open","sticky":false,"template":"","format":"standard","meta":{"_et_pb_use_builder":"off","_et_pb_old_content":"","_et_gb_content_width":"","footnotes":""},"categories":[9],"tags":[],"class_list":["post-3813","post","type-post","status-publish","format-standard","has-post-thumbnail","hentry","category-eskuvo"],"_links":{"self":[{"href":"https:\/\/letilkuria.hu\/en\/wp-json\/wp\/v2\/posts\/3813","targetHints":{"allow":["GET"]}}],"collection":[{"href":"https:\/\/letilkuria.hu\/en\/wp-json\/wp\/v2\/posts"}],"about":[{"href":"https:\/\/letilkuria.hu\/en\/wp-json\/wp\/v2\/types\/post"}],"author":[{"embeddable":true,"href":"https:\/\/letilkuria.hu\/en\/wp-json\/wp\/v2\/users\/1"}],"replies":[{"embeddable":true,"href":"https:\/\/letilkuria.hu\/en\/wp-json\/wp\/v2\/comments?post=3813"}],"version-history":[{"count":0,"href":"https:\/\/letilkuria.hu\/en\/wp-json\/wp\/v2\/posts\/3813\/revisions"}],"wp:featuredmedia":[{"embeddable":true,"href":"https:\/\/letilkuria.hu\/en\/wp-json\/wp\/v2\/media\/3814"}],"wp:attachment":[{"href":"https:\/\/letilkuria.hu\/en\/wp-json\/wp\/v2\/media?parent=3813"}],"wp:term":[{"taxonomy":"category","embeddable":true,"href":"https:\/\/letilkuria.hu\/en\/wp-json\/wp\/v2\/categories?post=3813"},{"taxonomy":"post_tag","embeddable":true,"href":"https:\/\/letilkuria.hu\/en\/wp-json\/wp\/v2\/tags?post=3813"}],"curies":[{"name":"wp","href":"https:\/\/api.w.org\/{rel}","templated":true}]}}