{"id":3768,"date":"2025-06-16T08:48:55","date_gmt":"2025-06-16T08:48:55","guid":{"rendered":"https:\/\/letilkuria.hu\/?p=3768"},"modified":"2025-06-16T09:24:25","modified_gmt":"2025-06-16T09:24:25","slug":"eskuvoi-vendeg-ruha-otlet-nyarra-ezekre-figyelj","status":"publish","type":"post","link":"https:\/\/letilkuria.hu\/en\/eskuvoi-vendeg-ruha-otlet-nyarra-ezekre-figyelj\/","title":{"rendered":"Esk\u00fcv\u0151i vend\u00e9g ruha \u00f6tlet ny\u00e1rra \u2013 Ezekre \u00e9rdemes figyelned!"},"content":{"rendered":"<p><br>Ha esk\u00fcv\u0151re vagy hivatalos ebben a ny\u00e1ri szezonban, biztosan szeretn\u00e9d a legjobb form\u00e1dat hozni. De hogyan \u00e9rheted el, hogy j\u00f3l n\u00e9zz ki an\u00e9lk\u00fcl, hogy elolvadn\u00e1l a h\u0151s\u00e9gben? A ny\u00e1ri esk\u00fcv\u0151i vend\u00e9g ruha kiv\u00e1laszt\u00e1sa nem k\u00f6nny\u0171 feladat, de ha megfelel\u0151 anyagot \u00e9s st\u00edlust v\u00e1lasztasz, akkor az elegancia \u00e9s komfort egyszerre el\u00e9rhet\u0151. Ebben a cikkben bemutatjuk, hogyan v\u00e1laszd ki a legjobb esk\u00fcv\u0151i vend\u00e9g ruh\u00e1t, hogy ne csak sz\u00e9p, hanem k\u00e9nyelmes is legyen a nagy nap!<\/p>\n\n\n\n<div class=\"wp-block-rank-math-toc-block\" id=\"rank-math-toc\"><h2>Tartalomjegyz\u00e9k<\/h2><nav><ul><li class=\"\"><a href=\"#nyari-eskuvoi-vendegruha-trendek\">Ny\u00e1ri esk\u00fcv\u0151i vend\u00e9gruha trendek<\/a><\/li><li class=\"\"><a href=\"#a-megfelelo-anyag-valasztasa-az-eskuvoi-vendeg-ruhahoz\">A megfelel\u0151 anyag v\u00e1laszt\u00e1sa az esk\u00fcv\u0151i vend\u00e9g ruh\u00e1hoz<\/a><\/li><li class=\"\"><a href=\"#milyen-szinu-ruha-illik-legjobban-a-nyari-eskuvohoz\">Milyen sz\u00edn\u0171 ruha illik legjobban a ny\u00e1ri esk\u00fcv\u0151h\u00f6z?<\/a><\/li><li class=\"\"><a href=\"#a-tokeletes-kiegeszitok\">A t\u00f6k\u00e9letes kieg\u00e9sz\u00edt\u0151k<\/a><\/li><li class=\"\"><a href=\"#hogyan-valaszd-ki-a-tokeletes-ruhat-a-kulonbozo-eskuvoi-stilusokhoz\">Hogyan v\u00e1laszd ki a t\u00f6k\u00e9letes ruh\u00e1t a k\u00fcl\u00f6nb\u00f6z\u0151 esk\u00fcv\u0151i st\u00edlusokhoz?<\/a><\/li><\/ul><\/nav><\/div>\n\n\n\n<figure class=\"wp-block-image aligncenter size-large\"><a href=\"https:\/\/bellaroseweddingphotography.com\/\" target=\"_blank\" rel=\" noreferrer noopener\"><img loading=\"lazy\" decoding=\"async\" width=\"1024\" height=\"576\" src=\"https:\/\/letilkuria.hu\/wp-content\/uploads\/3-2-1024x576.jpg\" alt=\"\" class=\"wp-image-3770\" title=\"\" srcset=\"https:\/\/letilkuria.hu\/wp-content\/uploads\/3-2-980x551.jpg 980w, https:\/\/letilkuria.hu\/wp-content\/uploads\/3-2-480x270.jpg 480w\" sizes=\"(min-width: 0px) and (max-width: 480px) 480px, (min-width: 481px) and (max-width: 980px) 980px, (min-width: 981px) 1024px, 100vw\" \/><\/a><figcaption class=\"wp-element-caption\">Bella Rose Photography<\/figcaption><\/figure>\n\n\n\n<h2 class=\"wp-block-heading\" id=\"nyari-eskuvoi-vendegruha-trendek\"><strong>Ny\u00e1ri esk\u00fcv\u0151i vend\u00e9gruha trendek<\/strong><\/h2>\n\n\n\n<p>A ny\u00e1ri esk\u00fcv\u0151k vil\u00e1g\u00e1ban az elegancia \u00e9s a k\u00e9nyelem tal\u00e1lkoz\u00e1sa a legfontosabb, amikor vend\u00e9gk\u00e9nt v\u00e1lasztunk ruh\u00e1t. A szezon\u00e1lis trendek a klasszikus, \u00e1m szell\u0151s st\u00edlus\u00fa ruh\u00e1kra \u00e9p\u00edtenek. A midi hossz\u00fa ruh\u00e1k id\u00e9n k\u00fcl\u00f6n\u00f6sen n\u00e9pszer\u0171ek, hiszen eleganci\u00e1juk mellett t\u00f6k\u00e9letes v\u00e1laszt\u00e1st jelentenek a ny\u00e1ri esk\u00fcv\u0151k alkalm\u00e1val. A finom h\u00edmz\u00e9sek, csipk\u00e9k \u00e9s egyedi mint\u00e1k pedig mind-mind hozz\u00e1j\u00e1rulnak ahhoz, hogy a ruh\u00e1d egyed\u00fcl\u00e1ll\u00f3 legyen. Az organza \u00e9s t\u00fcll anyagok kiemelkednek a ny\u00e1ri esk\u00fcv\u0151i vend\u00e9g ruh\u00e1k trendjeiben, hiszen l\u00e9gies \u00e9s k\u00f6nnyed viseletet biztos\u00edtanak. Az idei trendekben a laza, term\u00e9szetes st\u00edlusok is el\u0151t\u00e9rbe ker\u00fclnek, \u00edgy a k\u00e9nyelmet biztos\u00edt\u00f3, de m\u00e9gis eleg\u00e1ns ruh\u00e1k most k\u00fcl\u00f6n\u00f6sen n\u00e9pszer\u0171ek.<\/p>\n\n\n\n<h2 class=\"wp-block-heading\" id=\"a-megfelelo-anyag-valasztasa-az-eskuvoi-vendeg-ruhahoz\"><strong>A megfelel\u0151 anyag v\u00e1laszt\u00e1sa az esk\u00fcv\u0151i vend\u00e9g ruh\u00e1hoz<\/strong><\/h2>\n\n\n\n<p>Az anyagok kiv\u00e1laszt\u00e1sa a legfontosabb szempont, ha szeretn\u00e9nk, hogy esk\u00fcv\u0151i vend\u00e9gk\u00e9nt a legjobb form\u00e1nkat hozzuk. A ny\u00e1ri esk\u00fcv\u0151kn\u00e9l az anyagok d\u00f6nt\u0151 szerepet kapnak, hiszen a forr\u00f3 napokon k\u00fcl\u00f6n\u00f6sen fontos, hogy a ruha k\u00f6nnyed, szell\u0151s \u00e9s k\u00e9nyelmes legyen. A megfelel\u0151 anyag egyfajta simogat\u00f3 \u00e9rz\u00e9st ny\u00fajt a b\u0151rnek, mik\u00f6zben fenntartja a k\u00edv\u00e1nt eleganci\u00e1t. A selyem, sifon, viszk\u00f3z, krepp \u00e9s dzs\u00f6rz\u00e9 anyagok mind t\u00f6k\u00e9letes v\u00e1laszt\u00e1snak bizonyulnak, hiszen l\u00e1gyan omlanak le, mik\u00f6zben hagyj\u00e1k a b\u0151rt l\u00e9legezni. Az A-vonal\u00fa, laza sziluettek kiemelkednek a ny\u00e1ri esk\u00fcv\u0151i vend\u00e9g ruh\u00e1k k\u00f6z\u00f6tt, mivel nemcsak k\u00e9nyelmesek, hanem a n\u0151ies vonalakat is finoman hangs\u00falyozz\u00e1k, mik\u00f6zben lehet\u0151s\u00e9get biztos\u00edtanak a leveg\u0151 \u00e1raml\u00e1s\u00e1ra.<\/p>\n\n\n\n<figure class=\"wp-block-image aligncenter size-large\"><a href=\"https:\/\/bellaroseweddingphotography.com\/\" target=\"_blank\" rel=\" noreferrer noopener\"><img loading=\"lazy\" decoding=\"async\" width=\"1024\" height=\"576\" src=\"https:\/\/letilkuria.hu\/wp-content\/uploads\/2-2-1024x576.jpg\" alt=\"\" class=\"wp-image-3771\" title=\"\" srcset=\"https:\/\/letilkuria.hu\/wp-content\/uploads\/2-2-980x551.jpg 980w, https:\/\/letilkuria.hu\/wp-content\/uploads\/2-2-480x270.jpg 480w\" sizes=\"(min-width: 0px) and (max-width: 480px) 480px, (min-width: 481px) and (max-width: 980px) 980px, (min-width: 981px) 1024px, 100vw\" \/><\/a><figcaption class=\"wp-element-caption\">Bella Rose Photography<\/figcaption><\/figure>\n\n\n\n<h2 class=\"wp-block-heading\" id=\"milyen-szinu-ruha-illik-legjobban-a-nyari-eskuvohoz\"><strong>Milyen sz\u00edn\u0171 ruha illik legjobban a ny\u00e1ri esk\u00fcv\u0151h\u00f6z?<\/strong><\/h2>\n\n\n\n<p>A ny\u00e1ri esk\u00fcv\u0151k sz\u00ednpalett\u00e1ja igaz\u00e1n sz\u00ednes \u00e9s friss. A legn\u00e9pszer\u0171bb sz\u00ednek az \u00e9l\u00e9nk t\u00f3nusok \u00e9s a pasztell \u00e1rnyalatok, amelyek szinte minden k\u00f6rnyezethez illenek, \u00e9s kiemelik a ny\u00e1ri napf\u00e9ny ragyog\u00e1s\u00e1t. A neonsz\u00ednek, mint a narancs, r\u00f3zsasz\u00edn, k\u00e9k, vil\u00e1gos s\u00e1rga vagy a t\u00fcrkiz, az eg\u00e9sz ny\u00e1ri atmoszf\u00e9r\u00e1t t\u00fckr\u00f6zik. Ha egy eleg\u00e1ns, m\u00e9gis friss \u00e9s \u00fcnnep\u00e9lyes megjelen\u00e9sre v\u00e1gysz, a pasztell \u00e1rnyalatok \u2013 mint a levendula, menta vagy a halv\u00e1ny r\u00f3zsasz\u00edn \u2013 is t\u00f6k\u00e9letes v\u00e1laszt\u00e1sok. Ezek a sz\u00ednek kifinomult eleganci\u00e1t sug\u00e1roznak, mik\u00f6zben ragyog\u00f3an illeszkednek a ny\u00e1ri esk\u00fcv\u0151kh\u00f6z.<\/p>\n\n\n\n<h2 class=\"wp-block-heading\" id=\"a-tokeletes-kiegeszitok\"><strong>A t\u00f6k\u00e9letes kieg\u00e9sz\u00edt\u0151k<\/strong><\/h2>\n\n\n\n<p>Minden esk\u00fcv\u0151i vend\u00e9g ruha legfontosabb r\u00e9szei a kieg\u00e9sz\u00edt\u0151k, amelyek igaz\u00e1n felteszik az i-re a pontot. Ny\u00e1ri esk\u00fcv\u0151kh\u00f6z v\u00e1laszthatsz olyan k\u00f6nnyed, m\u00e9gis eleg\u00e1ns kieg\u00e9sz\u00edt\u0151ket, amelyek hozz\u00e1tesznek a ruh\u00e1d var\u00e1zs\u00e1hoz: egy sz\u00e9p f\u00fclbeval\u00f3, egy letisztult clutch t\u00e1ska vagy egy selyems\u00e1l, amit este, amikor a leveg\u0151 leh\u0171l, magadra vehetsz, mind t\u00f6k\u00e9letes v\u00e1laszt\u00e1s. A k\u00e9nyelmes szand\u00e1lok, balerin\u00e1k vagy espadrilles cip\u0151k a ny\u00e1ri esk\u00fcv\u0151kh\u00f6z elengedhetetlenek, hiszen egyszerre k\u00e9nyelmesek \u00e9s st\u00edlusosak is. Ha pedig egy kis extra magass\u00e1got szeretn\u00e9l, v\u00e1laszthatsz egy szolidabb platformot vagy egy eleg\u00e1ns, de komfortos wedge cip\u0151t.<\/p>\n\n\n\n<figure class=\"wp-block-image aligncenter size-large\"><a href=\"https:\/\/bellaroseweddingphotography.com\/\" target=\"_blank\" rel=\" noreferrer noopener\"><img loading=\"lazy\" decoding=\"async\" width=\"1024\" height=\"576\" src=\"https:\/\/letilkuria.hu\/wp-content\/uploads\/4-2-1024x576.jpg\" alt=\"\" class=\"wp-image-3772\" title=\"\" srcset=\"https:\/\/letilkuria.hu\/wp-content\/uploads\/4-2-980x551.jpg 980w, https:\/\/letilkuria.hu\/wp-content\/uploads\/4-2-480x270.jpg 480w\" sizes=\"(min-width: 0px) and (max-width: 480px) 480px, (min-width: 481px) and (max-width: 980px) 980px, (min-width: 981px) 1024px, 100vw\" \/><\/a><figcaption class=\"wp-element-caption\">Bella Rose Photography<\/figcaption><\/figure>\n\n\n\n<h2 class=\"wp-block-heading\" id=\"hogyan-valaszd-ki-a-tokeletes-ruhat-a-kulonbozo-eskuvoi-stilusokhoz\"><strong>Hogyan v\u00e1laszd ki a t\u00f6k\u00e9letes ruh\u00e1t a k\u00fcl\u00f6nb\u00f6z\u0151 esk\u00fcv\u0151i st\u00edlusokhoz?<\/strong><\/h2>\n\n\n\n<p>Mivel az esk\u00fcv\u0151i vend\u00e9g ruh\u00e1k kiv\u00e1laszt\u00e1sa nagyban f\u00fcgg az esk\u00fcv\u0151 st\u00edlus\u00e1t\u00f3l is, mindig vedd figyelembe a rendezv\u00e9ny jelleg\u00e9t. Ha egy tradicion\u00e1lis templomi esk\u00fcv\u0151re vagy hivatalos, v\u00e1lassz eleg\u00e1ns, klasszikus darabot, m\u00edg egy k\u00fclt\u00e9ri, boh\u00e9m esk\u00fcv\u0151re b\u00e1tran v\u00e1laszthatsz laza, vir\u00e1gos ruh\u00e1t. A letisztult, eleg\u00e1ns darabok minden esk\u00fcv\u0151i st\u00edlushoz illenek, de ne f\u00e9lj egy kis kock\u00e1zatot v\u00e1llalni sz\u00ednekkel \u00e9s mint\u00e1kkal.<\/p>\n\n\n\n<p>A t\u00f6k\u00e9letes esk\u00fcv\u0151i vend\u00e9g ruha kiv\u00e1laszt\u00e1sa teh\u00e1t nemcsak arr\u00f3l sz\u00f3l, hogy j\u00f3l n\u00e9zz\u00e9l ki, hanem hogy k\u00e9nyelmesen is \u00e9rezd magad. A ny\u00e1ri esk\u00fcv\u0151kre \u00e9rdemes olyan ruh\u00e1t v\u00e1lasztani, ami t\u00fckr\u00f6zi a szezon frissess\u00e9g\u00e9t \u00e9s sz\u00e9ps\u00e9g\u00e9t, mik\u00f6zben st\u00edlusos \u00e9s eleg\u00e1ns marad. Ne feledd: a legjobb ruh\u00e1kat akkor tal\u00e1lod meg, ha figyelembe veszed a helysz\u00ednt, a tematik\u00e1t \u00e9s a legfontosabbat, azaz a Te st\u00edlusodat!<\/p>\n\n\n\n<p>Ha \u00e9ppen a t\u00f6k\u00e9letes esk\u00fcv\u0151i helysz\u00ednt keresed, ak\u00e1r magadnak, ak\u00e1r ismer\u0151s\u00f6dnek vagy bar\u00e1todnak, a Le Til K\u00faria t\u00f6k\u00e9letes v\u00e1laszt\u00e1s. A k\u00faria nem csup\u00e1n egy helysz\u00edn, hanem egy \u00e9lm\u00e9ny, amely minden pillanat\u00e1ban mag\u00e1val ragad. A XXI. sz\u00e1zadi elegancia \u00e9s a t\u00f6rt\u00e9nelmi hangulat harmonikus \u00f6sszefon\u00f3d\u00e1sa egy olyan var\u00e1zslatos k\u00f6rnyezetet teremt, ahol az esk\u00fcv\u0151 val\u00f3ban felejthetetlenn\u00e9 v\u00e1lik. A Le Til K\u00faria egyedi atmoszf\u00e9r\u00e1ja, kifinomults\u00e1ga \u00e9s professzion\u00e1lis kiszolg\u00e1l\u00e1sa biztos\u00edtja, hogy minden apr\u00f3 r\u00e9szlet t\u00f6k\u00e9letes legyen, \u00e9s a Nagy Nap mindenki sz\u00e1m\u00e1ra maradand\u00f3 \u00e9lm\u00e9nyt ny\u00fajtson. Tov\u00e1bbi inform\u00e1ci\u00f3\u00e9rt vedd fel vel\u00fcnk a kapcsolatot <a href=\"https:\/\/letilkuria.hu\/en\/\">IDE KATTINTVA<\/a>!<\/p>","protected":false},"excerpt":{"rendered":"<p>Tudd meg, hogyan v\u00e1laszd ki a legjobb esk\u00fcv\u0151i vend\u00e9g ruh\u00e1t ny\u00e1rra, hogy st\u00edlusos \u00e9s k\u00e9nyelmes legy\u00e9l a Nagy Napon! <\/p>","protected":false},"author":1,"featured_media":3769,"comment_status":"closed","ping_status":"open","sticky":false,"template":"","format":"standard","meta":{"_et_pb_use_builder":"off","_et_pb_old_content":"","_et_gb_content_width":"","footnotes":""},"categories":[9],"tags":[],"class_list":["post-3768","post","type-post","status-publish","format-standard","has-post-thumbnail","hentry","category-eskuvo"],"_links":{"self":[{"href":"https:\/\/letilkuria.hu\/en\/wp-json\/wp\/v2\/posts\/3768","targetHints":{"allow":["GET"]}}],"collection":[{"href":"https:\/\/letilkuria.hu\/en\/wp-json\/wp\/v2\/posts"}],"about":[{"href":"https:\/\/letilkuria.hu\/en\/wp-json\/wp\/v2\/types\/post"}],"author":[{"embeddable":true,"href":"https:\/\/letilkuria.hu\/en\/wp-json\/wp\/v2\/users\/1"}],"replies":[{"embeddable":true,"href":"https:\/\/letilkuria.hu\/en\/wp-json\/wp\/v2\/comments?post=3768"}],"version-history":[{"count":0,"href":"https:\/\/letilkuria.hu\/en\/wp-json\/wp\/v2\/posts\/3768\/revisions"}],"wp:featuredmedia":[{"embeddable":true,"href":"https:\/\/letilkuria.hu\/en\/wp-json\/wp\/v2\/media\/3769"}],"wp:attachment":[{"href":"https:\/\/letilkuria.hu\/en\/wp-json\/wp\/v2\/media?parent=3768"}],"wp:term":[{"taxonomy":"category","embeddable":true,"href":"https:\/\/letilkuria.hu\/en\/wp-json\/wp\/v2\/categories?post=3768"},{"taxonomy":"post_tag","embeddable":true,"href":"https:\/\/letilkuria.hu\/en\/wp-json\/wp\/v2\/tags?post=3768"}],"curies":[{"name":"wp","href":"https:\/\/api.w.org\/{rel}","templated":true}]}}