{"id":3746,"date":"2025-06-11T14:07:15","date_gmt":"2025-06-11T14:07:15","guid":{"rendered":"https:\/\/letilkuria.hu\/?p=3746"},"modified":"2025-06-11T14:44:05","modified_gmt":"2025-06-11T14:44:05","slug":"az-eskuvoi-fatyol-varazsa-egy-eletre-szolo-szimbolum","status":"publish","type":"post","link":"https:\/\/letilkuria.hu\/en\/az-eskuvoi-fatyol-varazsa-egy-eletre-szolo-szimbolum\/","title":{"rendered":"Az esk\u00fcv\u0151i f\u00e1tyol var\u00e1zsa, avagy mit\u0151l lesz ez a kieg\u00e9sz\u00edt\u0151 \u00e9letre sz\u00f3l\u00f3 szimb\u00f3lum?"},"content":{"rendered":"<p>Az esk\u00fcv\u0151i f\u00e1tyol a h\u00e1zass\u00e1gk\u00f6t\u00e9si szertart\u00e1s egyik legismertebb \u00e9s legszebb kieg\u00e9sz\u00edt\u0151je, amely szinte minden Nagy Napon jelen van. B\u00e1r els\u0151re tal\u00e1n csak egy eleg\u00e1ns kieg\u00e9sz\u00edt\u0151nek t\u0171nik, val\u00f3j\u00e1ban sokkal m\u00e9lyebb jelent\u00e9st hordoz mag\u00e1ban. A f\u00e1tyol ugyanis nem csup\u00e1n a menyasszony megjelen\u00e9s\u00e9t emeli ki, hanem a h\u00e1zass\u00e1g szents\u00e9g\u00e9t \u00e9s az \u00faj \u00e9let kezdet\u00e9t is jelk\u00e9pezi.<\/p>\n\n\n\n<p>De mi\u00e9rt olyan fontos a f\u00e1tyol a modern esk\u00fcv\u0151kben? Mi rejlik a f\u00e1tyol m\u00f6g\u00f6tt, \u00e9s hogyan v\u00e1lik ez a kieg\u00e9sz\u00edt\u0151 a h\u00e1zass\u00e1gk\u00f6t\u00e9s szimb\u00f3lum\u00e1v\u00e1? Hogyan v\u00e1laszd ki a t\u00f6k\u00e9letes f\u00e1tylat, amely illik az esk\u00fcv\u0151d st\u00edlus\u00e1hoz \u00e9s szem\u00e9lyis\u00e9gedhez? Ebben a blogcikkben r\u00e9szletesen bemutatjuk a f\u00e1tyol t\u00f6rt\u00e9nelm\u00e9t, jelent\u0151s\u00e9g\u00e9t \u00e9s v\u00e1laszt\u00e1si lehet\u0151s\u00e9geit, hogy a nagy napon a f\u00e1tyol ne csup\u00e1n egy divatos elem legyen, hanem egy olyan kieg\u00e9sz\u00edt\u0151, amely m\u00e9lyebb \u00e9rtelemmel \u00e9s var\u00e1zslattal t\u00f6lti meg a pillanatot!<\/p>\n\n\n\n<div class=\"wp-block-rank-math-toc-block\" id=\"rank-math-toc\"><h2>Tartalomjegyz\u00e9k<\/h2><nav><ul><li class=\"\"><a href=\"#a-fatyol-tortenelmi-gyokerei\">A f\u00e1tyol t\u00f6rt\u00e9nelmi gy\u00f6kerei<\/a><\/li><li class=\"\"><a href=\"#a-fatyol-modern-jelentese\">A f\u00e1tyol modern jelent\u00e9se<\/a><\/li><li class=\"\"><a href=\"#a-fatyol-jelentosege-a-le-til-kuriaban\">A f\u00e1tyol jelent\u0151s\u00e9ge a Le Til K\u00fari\u00e1ban<\/a><\/li><\/ul><\/nav><\/div>\n\n\n\n<h2 class=\"wp-block-heading\" id=\"a-fatyol-tortenelmi-gyokerei\"><strong>A f\u00e1tyol t\u00f6rt\u00e9nelmi gy\u00f6kerei<\/strong><\/h2>\n\n\n\n<p>A f\u00e1tyol hagyom\u00e1nya eg\u00e9szen az \u00f3korig ny\u00falik vissza, \u00e9s sz\u00e1mos kult\u00far\u00e1ban m\u00e1s-m\u00e1s jelent\u00e9ssel b\u00edr. A r\u00f3maiakn\u00e1l a tisztas\u00e1got \u00e9s a v\u00e9delmet jelk\u00e9pezte: a r\u00f3mai menyasszonyok sz\u00ednes f\u00e1tylat viseltek az esk\u00fcv\u0151i szertart\u00e1s alatt, hogy elrejts\u00e9k az arcukat a vil\u00e1gt\u00f3l. Ez egyben az elk\u00f6telez\u0151d\u00e9st \u00e9s a h\u00e1zass\u00e1g ir\u00e1nti tiszteletet is k\u00e9pviselte.<\/p>\n\n\n\n<p>A k\u00f6z\u00e9pkorban m\u00e1r ink\u00e1bb a v\u00e9delmet \u00e9s a f\u00e9rj ir\u00e1nti al\u00e1zatot szimboliz\u00e1lta, hiszen akkoriban \u00fagy v\u00e9lt\u00e9k, hogy a f\u00e1tyol a menyasszony \u201etiszta\u201d \u00e1llapot\u00e1t hivatott v\u00e9delmezni, meg\u00f3vja \u0151t a rossz szellemekt\u0151l. Az esk\u00fcv\u0151i szertart\u00e1s folyam\u00e1n a f\u00e1tyol elt\u00e1vol\u00edt\u00e1sa a f\u00e9rj sz\u00e1m\u00e1ra az egyik legfontosabb pillanat volt, hiszen ez a r\u00edtus jelk\u00e9pezte, hogy a feles\u00e9g \u00e1tadja mag\u00e1t a f\u00e9rj\u00e9nek, \u00e9s nyilv\u00e1nosan elfogadja a h\u00e1zass\u00e1got.<\/p>\n\n\n\n<figure class=\"wp-block-image aligncenter size-large\"><a href=\"https:\/\/www.freya-photography.com\/\" target=\"_blank\" rel=\" noreferrer noopener\"><img loading=\"lazy\" decoding=\"async\" width=\"1024\" height=\"576\" src=\"https:\/\/letilkuria.hu\/wp-content\/uploads\/2-3-1024x576.png\" alt=\"\" class=\"wp-image-3751\" title=\"\" srcset=\"https:\/\/letilkuria.hu\/wp-content\/uploads\/2-3-980x552.png 980w, https:\/\/letilkuria.hu\/wp-content\/uploads\/2-3-480x270.png 480w\" sizes=\"(min-width: 0px) and (max-width: 480px) 480px, (min-width: 481px) and (max-width: 980px) 980px, (min-width: 981px) 1024px, 100vw\" \/><\/a><figcaption class=\"wp-element-caption\">Feyer Photography<\/figcaption><\/figure>\n\n\n\n<h2 class=\"wp-block-heading\" id=\"a-fatyol-modern-jelentese\"><strong>A f\u00e1tyol modern jelent\u00e9se<\/strong><\/h2>\n\n\n\n<p>A mai menyasszonyok gyakran az\u00e9rt v\u00e1lasztanak f\u00e1tylat, hogy megfeleljenek a hagyom\u00e1nyoknak, de sokan nem tudj\u00e1k, hogy pontosan mit is jelk\u00e9pez. Az esk\u00fcv\u0151i f\u00e1tyol ma m\u00e1r nemcsak a h\u00e1zass\u00e1g ir\u00e1nti tiszteletet mutatja, hanem a romantikus szertart\u00e1s \u00e9s az \u00faj kezdetek szimb\u00f3lumak\u00e9nt is \u00e9rtelmezhet\u0151. Visel\u00e9se a menyasszony sz\u00e1m\u00e1ra legt\u00f6bbsz\u00f6r egyfajta var\u00e1zslatos r\u00edtus, amely lehet\u0151s\u00e9get ad arra, hogy a szertart\u00e1s kezdet\u00e9n m\u00e9g \u201erejtve\u201d maradjon, hogy azt\u00e1n az <em>IGEN!<\/em> pillanat\u00e1ban teljesedhessen ki \u00fajdons\u00fclt f\u00e9rje oldal\u00e1n.<\/p>\n\n\n\n<p>Manaps\u00e1g a f\u00e1tyol az egy\u00e9ni st\u00edlus egyik f\u0151 kieg\u00e9sz\u00edt\u0151j\u00e9v\u00e9 v\u00e1lt. Ak\u00e1r r\u00f6vid, hossz\u00fa, vagy gazdagon d\u00edsz\u00edtett, minden menyasszony megtal\u00e1lhatja a sz\u00e1m\u00e1ra legmegfelel\u0151bb v\u00e1ltozatot. A f\u00e1tyol azonban nemcsak a megjelen\u00e9st szolg\u00e1lja, hanem eml\u00e9keztet minket a h\u00e1zass\u00e1g szents\u00e9g\u00e9re, a k\u00f6t\u0151d\u00e9sre \u00e9s az \u00faj k\u00f6z\u00f6s \u00e9letre.<\/p>\n\n\n\n<figure class=\"wp-block-image aligncenter size-large\"><a href=\"https:\/\/www.dorinaszegfu.com\/\" target=\"_blank\" rel=\" noreferrer noopener\"><img loading=\"lazy\" decoding=\"async\" width=\"1024\" height=\"576\" src=\"https:\/\/letilkuria.hu\/wp-content\/uploads\/3-3-1024x576.png\" alt=\"\" class=\"wp-image-3752\" title=\"\" srcset=\"https:\/\/letilkuria.hu\/wp-content\/uploads\/3-3-980x552.png 980w, https:\/\/letilkuria.hu\/wp-content\/uploads\/3-3-480x270.png 480w\" sizes=\"(min-width: 0px) and (max-width: 480px) 480px, (min-width: 481px) and (max-width: 980px) 980px, (min-width: 981px) 1024px, 100vw\" \/><\/a><figcaption class=\"wp-element-caption\">Dorina Szegf\u0171 Photography<\/figcaption><\/figure>\n\n\n\n<h2 class=\"wp-block-heading\" id=\"a-fatyol-jelentosege-a-le-til-kuriaban\"><strong>A f\u00e1tyol jelent\u0151s\u00e9ge a Le Til K\u00fari\u00e1ban<\/strong><\/h2>\n\n\n\n<p>The <a href=\"https:\/\/letilkuria.hu\/en\/\">Le Til Mansion<\/a> esk\u00fcv\u0151i k\u00f6rnyezete t\u00f6k\u00e9letes hely arra, hogy a menyasszonyok meg\u00e9lhess\u00e9k a csod\u00e1latos pillanatot. A k\u00faria eleganci\u00e1ja \u00e9s romantikus atmoszf\u00e9r\u00e1ja mind azt seg\u00edti, hogy a f\u00e1tyol, amelyet viselsz, ne csup\u00e1n egyszer\u0171 kieg\u00e9sz\u00edt\u0151 legyen, hanem egy szimb\u00f3lum, amely a boldog h\u00e1zass\u00e1g kezdet\u00e9t jelzi. Gy\u00f6ny\u00f6r\u0171 kert\u00fcnkben vagy mes\u00e9s d\u00edszterm\u00fcnkben az esk\u00fcv\u0151d val\u00f3ban a legszebb \u00e9s legvar\u00e1zslatosabb \u00e9lm\u00e9nny\u00e9 v\u00e1lik.<\/p>\n\n\n\n<p>N\u00e1lunk teh\u00e1t az esk\u00fcv\u0151i f\u00e1tyol visel\u00e9se nem csup\u00e1n egy trendi d\u00f6nt\u00e9s, hanem egy sz\u00e9p hagyom\u00e1ny tov\u00e1bbvitele. Az esk\u00fcv\u0151d\u00f6n a f\u00e1tyol az \u00faj \u00e9leted kezdet\u00e9t szimboliz\u00e1lja, amely \u00f6r\u00f6kre eml\u00e9keztet majd azokra a pillanatokra, amikor kimondt\u00e1tok egym\u00e1snak a boldog\u00edt\u00f3 igent.<\/p>\n\n\n\n<p>Ha a f\u00e1tyol mellett a t\u00f6k\u00e9letes esk\u00fcv\u0151i helysz\u00ednt is szeretn\u00e9d megtal\u00e1lni, a <a href=\"https:\/\/letilkuria.hu\/en\/\">Le Til Mansion<\/a> az ide\u00e1lis v\u00e1laszt\u00e1s. Az eleg\u00e1ns k\u00f6rnyezet, a figyelmes kiszolg\u00e1l\u00e1s \u00e9s a mes\u00e9be ill\u0151 hangulat minden egyes pillanatot k\u00fcl\u00f6nlegess\u00e9 tesz. Keress minket bizalommal az al\u00e1bbi el\u00e9rhet\u0151s\u00e9gek valamelyik\u00e9n:<\/p>\n\n\n\n<p><a href=\"phone:36202621111\">+36 (20) 262 1111<br><\/a><a href=\"mailto:info@letilkuria.hu\">info@letilkuria.hu<\/a><br><a href=\"https:\/\/letilkuria.hu\/en\/\">letilkuria.hu<\/a><\/p>\n\n\n\n<p class=\"bp-caption has-small-font-size\">Bir\u00edt\u00f3k\u00e9p: Panamy Photo<\/p>","protected":false},"excerpt":{"rendered":"<p>Fedezd fel, mi\u00e9rt v\u00e1lt a f\u00e1tyol az esk\u00fcv\u0151 szimb\u00f3lum\u00e1v\u00e1, \u00e9s hogyan v\u00e1laszthatod ki a legmegfelel\u0151bb kieg\u00e9sz\u00edt\u0151t a Nagy Napra! <\/p>","protected":false},"author":1,"featured_media":3747,"comment_status":"closed","ping_status":"open","sticky":false,"template":"","format":"standard","meta":{"_et_pb_use_builder":"off","_et_pb_old_content":"","_et_gb_content_width":"","footnotes":""},"categories":[9],"tags":[],"class_list":["post-3746","post","type-post","status-publish","format-standard","has-post-thumbnail","hentry","category-eskuvo"],"_links":{"self":[{"href":"https:\/\/letilkuria.hu\/en\/wp-json\/wp\/v2\/posts\/3746","targetHints":{"allow":["GET"]}}],"collection":[{"href":"https:\/\/letilkuria.hu\/en\/wp-json\/wp\/v2\/posts"}],"about":[{"href":"https:\/\/letilkuria.hu\/en\/wp-json\/wp\/v2\/types\/post"}],"author":[{"embeddable":true,"href":"https:\/\/letilkuria.hu\/en\/wp-json\/wp\/v2\/users\/1"}],"replies":[{"embeddable":true,"href":"https:\/\/letilkuria.hu\/en\/wp-json\/wp\/v2\/comments?post=3746"}],"version-history":[{"count":0,"href":"https:\/\/letilkuria.hu\/en\/wp-json\/wp\/v2\/posts\/3746\/revisions"}],"wp:featuredmedia":[{"embeddable":true,"href":"https:\/\/letilkuria.hu\/en\/wp-json\/wp\/v2\/media\/3747"}],"wp:attachment":[{"href":"https:\/\/letilkuria.hu\/en\/wp-json\/wp\/v2\/media?parent=3746"}],"wp:term":[{"taxonomy":"category","embeddable":true,"href":"https:\/\/letilkuria.hu\/en\/wp-json\/wp\/v2\/categories?post=3746"},{"taxonomy":"post_tag","embeddable":true,"href":"https:\/\/letilkuria.hu\/en\/wp-json\/wp\/v2\/tags?post=3746"}],"curies":[{"name":"wp","href":"https:\/\/api.w.org\/{rel}","templated":true}]}}