{"id":3645,"date":"2025-04-24T10:53:58","date_gmt":"2025-04-24T10:53:58","guid":{"rendered":"https:\/\/letilkuria.hu\/?p=3645"},"modified":"2025-04-25T08:50:50","modified_gmt":"2025-04-25T08:50:50","slug":"2025-os-eskuvoi-trendek-milyen-lesz-iden-a-nagy-nap","status":"publish","type":"post","link":"https:\/\/letilkuria.hu\/en\/2025-os-eskuvoi-trendek-milyen-lesz-iden-a-nagy-nap\/","title":{"rendered":"2025-\u00f6s esk\u00fcv\u0151i trendek \u2013 Milyen lesz id\u00e9n a Nagy Nap?"},"content":{"rendered":"<p><\/p>\n\n\n\n<p id=\"bevezeto\">Az esk\u00fcv\u0151k vil\u00e1ga folyamatosan meg\u00fajul, \u00e9s ez al\u00f3l 2025 sem kiv\u00e9tel. Id\u00e9n <strong>az egyedi \u00e9lm\u00e9nyek, a fenntarthat\u00f3s\u00e1g \u00e9s az elegancia \u00faj form\u00e1i kapj\u00e1k a f\u0151szerepet.<\/strong> Ha most tervezitek a Nagy Napotokat, \u00e9rdemes megismerni, milyen friss \u00f6tletekkel tal\u00e1lkozhattok. Inspir\u00e1l\u00f3djatok most a <strong>2025-\u00f6s esk\u00fcv\u0151i trendek<\/strong> k\u00f6z\u00fcl!<\/p>\n\n\n\n<p><\/p>\n\n\n\n<div class=\"wp-block-rank-math-toc-block\" id=\"rank-math-toc\"><h2>Tartalomjegyz\u00e9k<\/h2><nav><ol><li class=\"\"><a href=\"#a-meglepetesek-eve\"> 1. A meglepet\u00e9sek \u00e9ve<\/a><\/li><li class=\"\"><a href=\"#dresszkod-valtozasok\">2. Dresszk\u00f3d v\u00e1ltoz\u00e1sok<\/a><\/li><li class=\"\"><a href=\"#zold-eskuvok-es-wellness-pillanatok\">3. \u201eZ\u00f6ld esk\u00fcv\u0151k\u201d \u00e9s wellness-pillanatok<\/a><\/li><li class=\"\"><a href=\"#szemelyes-markaepites-az-eskuvok-uj-szintje\">4. Szem\u00e9lyes m\u00e1rka\u00e9p\u00edt\u00e9s \u2013 az esk\u00fcv\u0151k \u00faj szintje<\/a><\/li><li class=\"\"><a href=\"#kozossegi-gasztroelmenyek\">5. K\u00f6z\u00f6ss\u00e9gi gasztro\u00e9lm\u00e9nyek<\/a><\/li><li class=\"\"><a href=\"#eskuvoi-foto-es-videotrendek\">6. Esk\u00fcv\u0151i fot\u00f3- \u00e9s vide\u00f3trendek<\/a><\/li><li class=\"\"><a href=\"#eskuvoi-dekoracio-minel-nagyobb-annal-jobb\">7. Esk\u00fcv\u0151i dekor\u00e1ci\u00f3: min\u00e9l nagyobb, ann\u00e1l jobb?<\/a><\/li><li class=\"\"><a href=\"#grafikai-trendek\">8. Grafikai trendek<\/a><\/li><li class=\"\"><a href=\"#osszegzes\">9. \u00d6sszegz\u00e9s<\/a><\/li><\/ol><\/nav><\/div>\n\n\n\n<figure class=\"wp-block-image size-large\"><img loading=\"lazy\" decoding=\"async\" width=\"1024\" height=\"576\" src=\"https:\/\/letilkuria.hu\/wp-content\/uploads\/2-1-1024x576.jpg\" alt=\"\" class=\"wp-image-3647\" title=\"\" srcset=\"https:\/\/letilkuria.hu\/wp-content\/uploads\/2-1-980x551.jpg 980w, https:\/\/letilkuria.hu\/wp-content\/uploads\/2-1-480x270.jpg 480w\" sizes=\"(min-width: 0px) and (max-width: 480px) 480px, (min-width: 481px) and (max-width: 980px) 980px, (min-width: 981px) 1024px, 100vw\" \/><figcaption class=\"wp-element-caption\">Sabrina Berger Photo<\/figcaption><\/figure>\n\n\n\n<p><\/p>\n\n\n\n<h2 class=\"wp-block-heading\" id=\"a-meglepetesek-eve\"><strong>A meglepet\u00e9sek \u00e9ve<\/strong><\/h2>\n\n\n\n<p><\/p>\n\n\n\n<p>Az egyik legfontosabb ir\u00e1nyzat a 2025-\u00f6s esk\u00fcv\u0151i trendek k\u00f6z\u00f6tt, hogy egyre ink\u00e1bb <strong>az egyedi, v\u00e1ratlan megold\u00e1sok veszik \u00e1t a f\u0151szerepet.<\/strong> N\u00e9pszer\u0171bbek lesznek a k\u00fcl\u00f6nleges cerem\u00f3niai elemek, p\u00e9ld\u00e1ul egy film vagy sorozat ikonikus dallam\u00e1nak hangszeres feldolgoz\u00e1sa, amely garant\u00e1ltan eml\u00e9kezetes pillanatokat teremt.<\/p>\n\n\n\n<p>Az esem\u00e9ny menet\u00e9ben is v\u00e1ratlan fordulatok jelenhetnek meg: id\u00e9n t\u00f6bb menyasszony is \u00e9l majd a lehet\u0151s\u00e9ggel, hogy a cerem\u00f3nia ut\u00e1n t\u00f6bb ruh\u00e1t, frizur\u00e1t vagy ak\u00e1r st\u00edlust v\u00e1ltson \u2013 ezzel meglepve a vend\u00e9geket, \u00e9s \u00faj lend\u00fcletet adva az esk\u00fcv\u0151 tov\u00e1bbi r\u00e9sz\u00e9nek.<\/p>\n\n\n\n<p><strong>Ha pedig im\u00e1dj\u00e1tok a gyorskaj\u00e1kat, van egy j\u00f3 h\u00edr\u00fcnk<\/strong>: az \u00e9jf\u00e9li snackek is \u00faj szintre l\u00e9pnek! A hagyom\u00e1nyos fog\u00e1sok helyett egyre t\u00f6bb lakodalmon bukkan majd fel a hamburger, a mini pizza vagy m\u00e1s n\u00e9pszer\u0171 street food, hogy az este hangulata m\u00e9g laz\u00e1bb \u00e9s eml\u00e9kezetesebb legyen.<\/p>\n\n\n\n<figure class=\"wp-block-image size-large\"><img loading=\"lazy\" decoding=\"async\" width=\"1024\" height=\"576\" src=\"https:\/\/letilkuria.hu\/wp-content\/uploads\/3-1-1024x576.jpg\" alt=\"\" class=\"wp-image-3648\" title=\"\" srcset=\"https:\/\/letilkuria.hu\/wp-content\/uploads\/3-1-980x551.jpg 980w, https:\/\/letilkuria.hu\/wp-content\/uploads\/3-1-480x270.jpg 480w\" sizes=\"(min-width: 0px) and (max-width: 480px) 480px, (min-width: 481px) and (max-width: 980px) 980px, (min-width: 981px) 1024px, 100vw\" \/><figcaption class=\"wp-element-caption\">Feyer Photography<\/figcaption><\/figure>\n\n\n\n<p><\/p>\n\n\n\n<h2 class=\"wp-block-heading\" id=\"dresszkod-valtozasok\"><strong>Dresszk\u00f3d v\u00e1ltoz\u00e1sok<\/strong><\/h2>\n\n\n\n<p><\/p>\n\n\n\n<p>A vend\u00e9gek \u00f6lt\u00f6z\u00e9ke 2025-ben minden eddigin\u00e9l fontosabb szerepet kap az esk\u00fcv\u0151i koncepci\u00f3kban. A klasszikus \u00f6lt\u00f6ny\u00f6k \u00e9s alkalmi ruh\u00e1k mellett egyre t\u00f6bbsz\u00f6r tal\u00e1lkozhattok kreat\u00edv, s\u0151t ink\u00e1bb extravag\u00e1ns dresszk\u00f3dokkal. A 2025-\u00f6s esk\u00fcv\u0151i trendek kiemelten kezelik az olyan \u00f6tletes megold\u00e1sokat, mint p\u00e9ld\u00e1ul egy meghat\u00e1rozott sz\u00ednvil\u00e1g (csupa feh\u00e9r, lila, vagy ak\u00e1r fekete), esetleg tematikus \u00f6lt\u00f6z\u00e9kek, amelyek garant\u00e1lj\u00e1k, hogy a vend\u00e9gek is t\u00f6k\u00e9letesen illeszkedjenek az esem\u00e9ny hangulat\u00e1ba.<\/p>\n\n\n\n<p>Sok p\u00e1r el\u0151zetesen inspir\u00e1ci\u00f3t is biztos\u00edt a vend\u00e9geinek, \u00edgy p\u00e9ld\u00e1ul moodboardokat osztanak meg vel\u00fck, hogy az \u00f6lt\u00f6z\u00e9kek kiv\u00e1laszt\u00e1sakor k\u00f6nnyed\u00e9n teremtsenek egys\u00e9ges, harmonikus \u00f6sszk\u00e9pet a Nagy Napon.<\/p>\n\n\n\n<figure class=\"wp-block-image size-large\"><img loading=\"lazy\" decoding=\"async\" width=\"1024\" height=\"576\" src=\"https:\/\/letilkuria.hu\/wp-content\/uploads\/4-1-1024x576.jpg\" alt=\"\" class=\"wp-image-3649\" title=\"\" srcset=\"https:\/\/letilkuria.hu\/wp-content\/uploads\/4-1-980x551.jpg 980w, https:\/\/letilkuria.hu\/wp-content\/uploads\/4-1-480x270.jpg 480w\" sizes=\"(min-width: 0px) and (max-width: 480px) 480px, (min-width: 481px) and (max-width: 980px) 980px, (min-width: 981px) 1024px, 100vw\" \/><figcaption class=\"wp-element-caption\">Feyer Photography<\/figcaption><\/figure>\n\n\n\n<p><\/p>\n\n\n\n<h2 class=\"wp-block-heading\" id=\"zold-eskuvok-es-wellness-pillanatok\"><strong>\u201eZ\u00f6ld esk\u00fcv\u0151k\u201d \u00e9s wellness-pillanatok<\/strong><\/h2>\n\n\n\n<p><\/p>\n\n\n\n<p>A 2025-\u00f6s esk\u00fcv\u0151i trendek egyik legkiemelked\u0151bb eleme <strong>a fenntarthat\u00f3s\u00e1g \u00e9s a term\u00e9szetk\u00f6zelis\u00e9g lesz. <\/strong>A z\u00f6ld gondolkod\u00e1s jegy\u00e9ben egyre t\u00f6bb p\u00e1r helyezi el\u0151t\u00e9rbe a <strong>szezon\u00e1lis gy\u00fcm\u00f6lcs\u00f6kb\u0151l \u00e9s z\u00f6lds\u00e9gekb\u0151l \u00e1ll\u00f3 dekor\u00e1ci\u00f3kat, a k\u00f6rnyezetbar\u00e1t megold\u00e1sokat, valamint a bio- \u00e9s \u00fajrahasznos\u00edtott anyagokat.<\/strong><\/p>\n\n\n\n<p>Emellett egyre gyakrabban b\u0151v\u00fcl az esk\u00fcv\u0151k programja <strong>wellness-\u00e9lm\u00e9nyekkel is.<\/strong> Nem ritka, hogy a p\u00e1rok a Nagy Napot egy teljes h\u00e9tv\u00e9g\u00e9s esem\u00e9nny\u00e9 var\u00e1zsolj\u00e1k, amely sor\u00e1n massz\u00e1zs, j\u00f3ga vagy ak\u00e1r medit\u00e1ci\u00f3s programok biztos\u00edtj\u00e1k, hogy <strong>az \u00fcnnepl\u00e9s igaz\u00e1n felejthetetlen \u00e9s felt\u00f6lt\u0151 legyen minden vend\u00e9g sz\u00e1m\u00e1ra.<\/strong><\/p>\n\n\n\n<figure class=\"wp-block-image size-large\"><img loading=\"lazy\" decoding=\"async\" width=\"1024\" height=\"576\" src=\"https:\/\/letilkuria.hu\/wp-content\/uploads\/5-1-1024x576.jpg\" alt=\"\" class=\"wp-image-3650\" title=\"\" srcset=\"https:\/\/letilkuria.hu\/wp-content\/uploads\/5-1-980x551.jpg 980w, https:\/\/letilkuria.hu\/wp-content\/uploads\/5-1-480x270.jpg 480w\" sizes=\"(min-width: 0px) and (max-width: 480px) 480px, (min-width: 481px) and (max-width: 980px) 980px, (min-width: 981px) 1024px, 100vw\" \/><figcaption class=\"wp-element-caption\">Feyer Photography<\/figcaption><\/figure>\n\n\n\n<p><\/p>\n\n\n\n<h2 class=\"wp-block-heading\" id=\"szemelyes-markaepites-az-eskuvok-uj-szintje\"><strong>Szem\u00e9lyes m\u00e1rka\u00e9p\u00edt\u00e9s \u2013 az esk\u00fcv\u0151k \u00faj szintje<\/strong><\/h2>\n\n\n\n<p><\/p>\n\n\n\n<p>A 2025-\u00f6s esk\u00fcv\u0151i trendek k\u00f6z\u00f6tt hangs\u00falyos szerepet <strong>kap az egyedis\u00e9g \u00e9s a szem\u00e9lyess\u00e9g:<\/strong> egyre t\u00f6bb p\u00e1r \u00e9p\u00edt <strong>saj\u00e1t \u201ebrandet\u201d esk\u00fcv\u0151je k\u00f6r\u00e9.<\/strong> Egyedi c\u00edmerekkel, log\u00f3kkal \u00e9s st\u00edlusos monogramokkal teszik k\u00fcl\u00f6nlegess\u00e9 az esem\u00e9nyt, megteremtve ezzel egy teljesen szem\u00e9lyre szabott \u00e9lm\u00e9nyt.<\/p>\n\n\n\n<p>A p\u00e1r saj\u00e1t t\u00f6rt\u00e9net\u00e9t t\u00fckr\u00f6z\u0151 arculat a r\u00e9szletekben is megjelenik: a k\u00e9zzel rajzolt log\u00f3k, a monogramos megh\u00edv\u00f3k \u00e9s a szem\u00e9lyes apr\u00f3s\u00e1gok mind azt mes\u00e9lik el, kik vagytok ti val\u00f3j\u00e1ban. Legyen sz\u00f3 csal\u00e1di \u00f6r\u00f6ks\u00e9gr\u0151l, egy k\u00f6z\u00f6sen meg\u00e9lt kalandr\u00f3l vagy hobbitokr\u00f3l.<\/p>\n\n\n\n<figure class=\"wp-block-image size-large\"><img loading=\"lazy\" decoding=\"async\" width=\"1024\" height=\"576\" src=\"https:\/\/letilkuria.hu\/wp-content\/uploads\/6-1-1024x576.jpg\" alt=\"\" class=\"wp-image-3651\" title=\"\" srcset=\"https:\/\/letilkuria.hu\/wp-content\/uploads\/6-1-980x551.jpg 980w, https:\/\/letilkuria.hu\/wp-content\/uploads\/6-1-480x270.jpg 480w\" sizes=\"(min-width: 0px) and (max-width: 480px) 480px, (min-width: 481px) and (max-width: 980px) 980px, (min-width: 981px) 1024px, 100vw\" \/><figcaption class=\"wp-element-caption\">Feyer Photography<\/figcaption><\/figure>\n\n\n\n<p><\/p>\n\n\n\n<h2 class=\"wp-block-heading\" id=\"kozossegi-gasztroelmenyek\"><strong>K\u00f6z\u00f6ss\u00e9gi gasztro\u00e9lm\u00e9nyek<\/strong><\/h2>\n\n\n\n<p><\/p>\n\n\n\n<p>Az egyik legizgalmasabb v\u00e1ltoz\u00e1s 2025-ben, hogy <strong>a hagyom\u00e1nyos, t\u00e1ny\u00e9ros vacsor\u00e1k<\/strong> helyett egyre ink\u00e1bb el\u0151t\u00e9rbe ker\u00fclnek a k\u00f6z\u00f6ss\u00e9gi \u00e9tkez\u00e9sek. Nagy sikere lesz a vend\u00e9gek \u00e1ltal szabadon v\u00e1logathat\u00f3, <strong>k\u00f6z\u00f6s t\u00e1lal\u00e1s\u00fa \u00e9teleknek,<\/strong> illetve a l\u00e1tv\u00e1nyos, sz\u00ednes \u201egrazing table\u201d koncepci\u00f3nak, <strong>amelyen gy\u00fcm\u00f6lcs\u00f6k, sajtok, falatk\u00e1k sorakoznak<\/strong>. Az italok ter\u00e9n is nem mindennapi megold\u00e1sok h\u00f3d\u00edtanak: a p\u00e1rok egyedi, szem\u00e9lyis\u00e9g\u00fcket t\u00fckr\u00f6z\u0151 kokt\u00e9lokkal lepik majd meg vend\u00e9geiket.<\/p>\n\n\n\n<figure class=\"wp-block-image size-large\"><img loading=\"lazy\" decoding=\"async\" width=\"1024\" height=\"576\" src=\"https:\/\/letilkuria.hu\/wp-content\/uploads\/7-1-1024x576.jpg\" alt=\"\" class=\"wp-image-3652\" title=\"\" srcset=\"https:\/\/letilkuria.hu\/wp-content\/uploads\/7-1-980x551.jpg 980w, https:\/\/letilkuria.hu\/wp-content\/uploads\/7-1-480x270.jpg 480w\" sizes=\"(min-width: 0px) and (max-width: 480px) 480px, (min-width: 481px) and (max-width: 980px) 980px, (min-width: 981px) 1024px, 100vw\" \/><figcaption class=\"wp-element-caption\">Feyer Photography<\/figcaption><\/figure>\n\n\n\n<p><\/p>\n\n\n\n<h2 class=\"wp-block-heading\" id=\"eskuvoi-foto-es-videotrendek\"><strong>Esk\u00fcv\u0151i fot\u00f3- \u00e9s vide\u00f3trendek<\/strong><\/h2>\n\n\n\n<p><\/p>\n\n\n\n<p>A vizu\u00e1lis eml\u00e9kek m\u00e9g sosem kaptak olyan fontos szerepet, mint most! <strong>A dokumentarista, term\u00e9szetes \u00e9s spont\u00e1n pillanatokat meg\u00f6r\u00f6k\u00edt\u0151 fot\u00f3z\u00e1s az egyik legn\u00e9pszer\u0171bb st\u00edlus lesz,<\/strong> mik\u00f6zben \u00faj lend\u00fcletet kapnak a dr\u00f3nokkal k\u00e9sz\u00fclt, l\u00e1tv\u00e1nyos l\u00e9gifelv\u00e9telek is. Mindemellett az akci\u00f3d\u00fas pillanatok \u00e9s a term\u00e9szetes \u00e9rzelmek meg\u00f6r\u00f6k\u00edt\u00e9se v\u00e1lik igaz\u00e1n trendiv\u00e9 r\u00f6vid vide\u00f3k form\u00e1j\u00e1ban, de a finom hangulat\u00fa akvarell-hat\u00e1s\u00fa \u00e9s vintage k\u00e9pek is renesz\u00e1nszukat \u00e9lik majd.<\/p>\n\n\n\n<figure class=\"wp-block-image size-large\"><img loading=\"lazy\" decoding=\"async\" width=\"1024\" height=\"576\" src=\"https:\/\/letilkuria.hu\/wp-content\/uploads\/8-1024x576.jpg\" alt=\"\" class=\"wp-image-3653\" title=\"\" srcset=\"https:\/\/letilkuria.hu\/wp-content\/uploads\/8-980x551.jpg 980w, https:\/\/letilkuria.hu\/wp-content\/uploads\/8-480x270.jpg 480w\" sizes=\"(min-width: 0px) and (max-width: 480px) 480px, (min-width: 481px) and (max-width: 980px) 980px, (min-width: 981px) 1024px, 100vw\" \/><figcaption class=\"wp-element-caption\">Feyer Photography<\/figcaption><\/figure>\n\n\n\n<p><\/p>\n\n\n\n<h2 class=\"wp-block-heading\" id=\"eskuvoi-dekoracio-minel-nagyobb-annal-jobb\"><strong>Esk\u00fcv\u0151i dekor\u00e1ci\u00f3: min\u00e9l nagyobb, ann\u00e1l jobb?<\/strong><\/h2>\n\n\n\n<p><\/p>\n\n\n\n<p>Az esk\u00fcv\u0151i <strong>dekor\u00e1ci\u00f3ban \u00fajra a leny\u0171g\u00f6z\u0151, grandi\u00f3zus megold\u00e1sok ker\u00fclnek a k\u00f6z\u00e9ppontba.<\/strong> Hossz\u00fa, l\u00e1tv\u00e1nyosan d\u00edsz\u00edtett asztalok, gazdagon r\u00e9tegzett anyagok, valamint felt\u0171n\u0151, monument\u00e1lis elemek domin\u00e1lnak majd. Kiemelked\u0151 lesz a f\u00e9nyek szerepe is: a f\u00e9lhom\u00e1lyos, romantikus vil\u00e1g\u00edt\u00e1s imm\u00e1r nem puszt\u00e1n kieg\u00e9sz\u00edt\u0151je, hanem szerves r\u00e9sze lesz az eg\u00e9sz dekor\u00e1ci\u00f3s koncepci\u00f3nak.<\/p>\n\n\n\n<figure class=\"wp-block-image size-large\"><img loading=\"lazy\" decoding=\"async\" width=\"1024\" height=\"576\" src=\"https:\/\/letilkuria.hu\/wp-content\/uploads\/9-1024x576.jpg\" alt=\"\" class=\"wp-image-3654\" title=\"\" srcset=\"https:\/\/letilkuria.hu\/wp-content\/uploads\/9-980x551.jpg 980w, https:\/\/letilkuria.hu\/wp-content\/uploads\/9-480x270.jpg 480w\" sizes=\"(min-width: 0px) and (max-width: 480px) 480px, (min-width: 481px) and (max-width: 980px) 980px, (min-width: 981px) 1024px, 100vw\" \/><figcaption class=\"wp-element-caption\">Le Til K\u00faria fot\u00f3ja<\/figcaption><\/figure>\n\n\n\n<p><\/p>\n\n\n\n<h2 class=\"wp-block-heading\" id=\"grafikai-trendek\"><strong>Grafikai trendek<\/strong><\/h2>\n\n\n\n<p><\/p>\n\n\n\n<p>Az esk\u00fcv\u0151i grafik\u00e1k is \u00faj szintre l\u00e9pnek a k\u00f6vetkez\u0151 szezonban. <strong>A term\u00e9szetb\u0151l inspir\u00e1l\u00f3d\u00f3 mot\u00edvumok, a f\u00f6ldsz\u00ednek, valamint a l\u00e1gy, akvarell text\u00far\u00e1k m\u00e9g sosem voltak ennyire kedveltek. <\/strong>A grafikai megold\u00e1sok ter\u00e9n divatos lesz a <strong>letisztult elegancia, a dombornyomott vagy aranyozott monogramokkal <\/strong>ell\u00e1tott megh\u00edv\u00f3k, valamint az egyedi, term\u00e9szet ihlette designok, amelyek mind t\u00f6k\u00e9letesen t\u00fckr\u00f6zik majd a p\u00e1r szem\u00e9lyis\u00e9g\u00e9t.<\/p>\n\n\n\n<figure class=\"wp-block-image size-large\"><img loading=\"lazy\" decoding=\"async\" width=\"1024\" height=\"576\" src=\"https:\/\/letilkuria.hu\/wp-content\/uploads\/10-1024x576.jpg\" alt=\"\" class=\"wp-image-3655\" title=\"\" srcset=\"https:\/\/letilkuria.hu\/wp-content\/uploads\/10-980x551.jpg 980w, https:\/\/letilkuria.hu\/wp-content\/uploads\/10-480x270.jpg 480w\" sizes=\"(min-width: 0px) and (max-width: 480px) 480px, (min-width: 481px) and (max-width: 980px) 980px, (min-width: 981px) 1024px, 100vw\" \/><figcaption class=\"wp-element-caption\">Feyer Photography<\/figcaption><\/figure>\n\n\n\n<p><\/p>\n\n\n\n<h2 class=\"wp-block-heading\" id=\"osszegzes\"><strong>\u00d6sszegz\u00e9s<\/strong><\/h2>\n\n\n\n<p><\/p>\n\n\n\n<p>The <strong>2025-\u00f6s esk\u00fcv\u0151i trendek<\/strong> a fenntarthat\u00f3s\u00e1g, az egyedi \u00e9lm\u00e9nyek, valamint a szem\u00e9lyes t\u00f6rt\u00e9netek k\u00f6r\u00e9 \u00e9p\u00fclnek. <strong>Ak\u00e1r a term\u00e9szetk\u00f6zelis\u00e9g, ak\u00e1r az id\u0151tlen elegancia vagy a vag\u00e1ny kreativit\u00e1s \u00e1ll hozz\u00e1tok k\u00f6zelebb, a <\/strong><a href=\"https:\/\/letilkuria.hu\/en\/wedding\/\"><strong>Le Til K\u00fari\u00e1ban<\/strong><\/a><strong> seg\u00edt\u00fcnk \u00e9letre kelteni elk\u00e9pzel\u00e9seiteket.<\/strong> Ha szeretn\u00e9tek, hogy esk\u00fcv\u0151t\u00f6k felejthetetlen \u00e9lm\u00e9ny legyen, forduljatok hozz\u00e1nk bizalommal!<\/p>\n\n\n\n<p class=\"has-text-align-center\"><em><strong>Forr\u00e1sok:<\/strong> The Knot.com, Brides, Vogue, InStyle, RockMyWedding<\/em><\/p>","protected":false},"excerpt":{"rendered":"<p>Az esk\u00fcv\u0151k vil\u00e1ga folyamatosan meg\u00fajul, \u00e9s ez al\u00f3l 2025 sem kiv\u00e9tel. Id\u00e9n az egyedi \u00e9lm\u00e9nyek, a fenntarthat\u00f3s\u00e1g \u00e9s az elegancia \u00faj form\u00e1i kapj\u00e1k a f\u0151szerepet. Ha most tervezitek a Nagy Napotokat, \u00e9rdemes megismerni, milyen friss \u00f6tletekkel tal\u00e1lkozhattok. Inspir\u00e1l\u00f3djatok most a 2025-\u00f6s esk\u00fcv\u0151i trendek k\u00f6z\u00fcl!<\/p>","protected":false},"author":1,"featured_media":3646,"comment_status":"closed","ping_status":"open","sticky":false,"template":"","format":"standard","meta":{"_et_pb_use_builder":"off","_et_pb_old_content":"<!-- wp:paragraph -->\n<p id=\"bevezeto\">Az esk\u00fcv\u0151k vil\u00e1ga folyamatosan meg\u00fajul, \u00e9s ez al\u00f3l 2025 sem kiv\u00e9tel. Id\u00e9n <strong>az egyedi \u00e9lm\u00e9nyek, a fenntarthat\u00f3s\u00e1g \u00e9s az elegancia \u00faj form\u00e1i kapj\u00e1k a f\u0151szerepet.<\/strong> Ha most tervezitek a Nagy Napotokat, \u00e9rdemes megismerni, milyen friss \u00f6tletekkel tal\u00e1lkozhattok. Inspir\u00e1l\u00f3djatok most a <strong>2025-\u00f6s esk\u00fcv\u0151i trendek<\/strong> k\u00f6z\u00fcl!<\/p>\n<!-- \/wp:paragraph -->\n\n<!-- wp:rank-math\/toc-block {\"headings\":[{\"key\":\"92498756-c9a9-43db-a824-3fa391f544e7\",\"content\":\"A meglepet\u00e9sek \u00e9ve\",\"level\":2,\"link\":\"#a-meglepetesek-eve\",\"disable\":false,\"isUpdated\":false,\"isGeneratedLink\":true},{\"key\":\"49d3b7a3-03f9-488b-ae49-47adffef423f\",\"content\":\"Dresszk\u00f3d v\u00e1ltoz\u00e1sok\",\"level\":2,\"link\":\"#dresszkod-valtozasok\",\"disable\":false,\"isUpdated\":false,\"isGeneratedLink\":true},{\"key\":\"3d62beea-367a-4640-847a-e970fed0333c\",\"content\":\"\u201eZ\u00f6ld esk\u00fcv\u0151k\u201d \u00e9s wellness-pillanatok\",\"level\":2,\"link\":\"#zold-eskuvok-es-wellness-pillanatok\",\"disable\":false,\"isUpdated\":false,\"isGeneratedLink\":true},{\"key\":\"76293e48-37e4-4c8d-aef8-d07db8b7cc1d\",\"content\":\"Szem\u00e9lyes m\u00e1rka\u00e9p\u00edt\u00e9s \u2013 az esk\u00fcv\u0151k \u00faj szintje\",\"level\":2,\"link\":\"#szemelyes-markaepites-az-eskuvok-uj-szintje\",\"disable\":false,\"isUpdated\":false,\"isGeneratedLink\":true},{\"key\":\"c45b85fd-2127-4dfb-9de9-2c37f80a17e9\",\"content\":\"K\u00f6z\u00f6ss\u00e9gi gasztro\u00e9lm\u00e9nyek\",\"level\":2,\"link\":\"#kozossegi-gasztroelmenyek\",\"disable\":false,\"isUpdated\":false,\"isGeneratedLink\":true},{\"key\":\"693ace82-2554-4585-96e3-4832d229d7f4\",\"content\":\"Esk\u00fcv\u0151i fot\u00f3- \u00e9s vide\u00f3trendek\",\"level\":2,\"link\":\"#eskuvoi-foto-es-videotrendek\",\"disable\":false,\"isUpdated\":false,\"isGeneratedLink\":true},{\"key\":\"21566812-2ec2-4c96-a444-fe90d0e3d823\",\"content\":\"Esk\u00fcv\u0151i dekor\u00e1ci\u00f3: min\u00e9l nagyobb, ann\u00e1l jobb?\",\"level\":2,\"link\":\"#eskuvoi-dekoracio-minel-nagyobb-annal-jobb\",\"disable\":false,\"isUpdated\":false,\"isGeneratedLink\":true},{\"key\":\"44d28d42-0340-476f-b754-9666ad301e4b\",\"content\":\"Grafikai trendek\",\"level\":2,\"link\":\"#grafikai-trendek\",\"disable\":false,\"isUpdated\":false,\"isGeneratedLink\":true},{\"key\":\"abe9aaa9-a7aa-40a5-8c14-949f6341df01\",\"content\":\"\u00d6sszegz\u00e9s\",\"level\":2,\"link\":\"#osszegzes\",\"disable\":false,\"isUpdated\":false,\"isGeneratedLink\":true}],\"listStyle\":\"ol\"} -->\n<div class=\"wp-block-rank-math-toc-block\" id=\"rank-math-toc\"><nav><ol><li class=\"\"><a href=\"#a-meglepetesek-eve\">A meglepet\u00e9sek \u00e9ve<\/a><\/li><li class=\"\"><a href=\"#dresszkod-valtozasok\">Dresszk\u00f3d v\u00e1ltoz\u00e1sok<\/a><\/li><li class=\"\"><a href=\"#zold-eskuvok-es-wellness-pillanatok\">\u201eZ\u00f6ld esk\u00fcv\u0151k\u201d \u00e9s wellness-pillanatok<\/a><\/li><li class=\"\"><a href=\"#szemelyes-markaepites-az-eskuvok-uj-szintje\">Szem\u00e9lyes m\u00e1rka\u00e9p\u00edt\u00e9s \u2013 az esk\u00fcv\u0151k \u00faj szintje<\/a><\/li><li class=\"\"><a href=\"#kozossegi-gasztroelmenyek\">K\u00f6z\u00f6ss\u00e9gi gasztro\u00e9lm\u00e9nyek<\/a><\/li><li class=\"\"><a href=\"#eskuvoi-foto-es-videotrendek\">Esk\u00fcv\u0151i fot\u00f3- \u00e9s vide\u00f3trendek<\/a><\/li><li class=\"\"><a href=\"#eskuvoi-dekoracio-minel-nagyobb-annal-jobb\">Esk\u00fcv\u0151i dekor\u00e1ci\u00f3: min\u00e9l nagyobb, ann\u00e1l jobb?<\/a><\/li><li class=\"\"><a href=\"#grafikai-trendek\">Grafikai trendek<\/a><\/li><li class=\"\"><a href=\"#osszegzes\">\u00d6sszegz\u00e9s<\/a><\/li><\/ol><\/nav><\/div>\n<!-- \/wp:rank-math\/toc-block -->\n\n<!-- wp:image {\"id\":3647,\"sizeSlug\":\"large\",\"linkDestination\":\"none\"} -->\n<figure class=\"wp-block-image size-large\"><img src=\"https:\/\/letilkuria.hu\/wp-content\/uploads\/2-1-1024x576.jpg\" alt=\"\" class=\"wp-image-3647\"\/><figcaption class=\"wp-element-caption\">Sabrina Berger Photo<\/figcaption><\/figure>\n<!-- \/wp:image -->\n\n<!-- wp:heading -->\n<h2 class=\"wp-block-heading\" id=\"a-meglepetesek-eve\"><strong>A meglepet\u00e9sek \u00e9ve<\/strong><\/h2>\n<!-- \/wp:heading -->\n\n<!-- wp:paragraph -->\n<p>Az egyik legfontosabb ir\u00e1nyzat a 2025-\u00f6s esk\u00fcv\u0151i trendek k\u00f6z\u00f6tt, hogy egyre ink\u00e1bb <strong>az egyedi, v\u00e1ratlan megold\u00e1sok veszik \u00e1t a f\u0151szerepet.<\/strong> N\u00e9pszer\u0171bbek lesznek a k\u00fcl\u00f6nleges cerem\u00f3niai elemek, p\u00e9ld\u00e1ul egy film vagy sorozat ikonikus dallam\u00e1nak hangszeres feldolgoz\u00e1sa, amely garant\u00e1ltan eml\u00e9kezetes pillanatokat teremt.<\/p>\n<!-- \/wp:paragraph -->\n\n<!-- wp:paragraph -->\n<p>Az esem\u00e9ny menet\u00e9ben is v\u00e1ratlan fordulatok jelenhetnek meg: id\u00e9n t\u00f6bb menyasszony is \u00e9l majd a lehet\u0151s\u00e9ggel, hogy a cerem\u00f3nia ut\u00e1n t\u00f6bb ruh\u00e1t, frizur\u00e1t vagy ak\u00e1r st\u00edlust v\u00e1ltson \u2013 ezzel meglepve a vend\u00e9geket, \u00e9s \u00faj lend\u00fcletet adva az esk\u00fcv\u0151 tov\u00e1bbi r\u00e9sz\u00e9nek.<\/p>\n<!-- \/wp:paragraph -->\n\n<!-- wp:paragraph -->\n<p><strong>Ha pedig im\u00e1dj\u00e1tok a gyorskaj\u00e1kat, van egy j\u00f3 h\u00edr\u00fcnk<\/strong>: az \u00e9jf\u00e9li snackek is \u00faj szintre l\u00e9pnek! A hagyom\u00e1nyos fog\u00e1sok helyett egyre t\u00f6bb lakodalmon bukkan majd fel a hamburger, a mini pizza vagy m\u00e1s n\u00e9pszer\u0171 street food, hogy az este hangulata m\u00e9g laz\u00e1bb \u00e9s eml\u00e9kezetesebb legyen.<\/p>\n<!-- \/wp:paragraph -->\n\n<!-- wp:image {\"id\":3648,\"sizeSlug\":\"large\",\"linkDestination\":\"none\"} -->\n<figure class=\"wp-block-image size-large\"><img src=\"https:\/\/letilkuria.hu\/wp-content\/uploads\/3-1-1024x576.jpg\" alt=\"\" class=\"wp-image-3648\"\/><figcaption class=\"wp-element-caption\">Feyer Photography<\/figcaption><\/figure>\n<!-- \/wp:image -->\n\n<!-- wp:heading -->\n<h2 class=\"wp-block-heading\" id=\"dresszkod-valtozasok\"><strong>Dresszk\u00f3d v\u00e1ltoz\u00e1sok<\/strong><\/h2>\n<!-- \/wp:heading -->\n\n<!-- wp:paragraph -->\n<p>A vend\u00e9gek \u00f6lt\u00f6z\u00e9ke 2025-ben minden eddigin\u00e9l fontosabb szerepet kap az esk\u00fcv\u0151i koncepci\u00f3kban. A klasszikus \u00f6lt\u00f6ny\u00f6k \u00e9s alkalmi ruh\u00e1k mellett egyre t\u00f6bbsz\u00f6r tal\u00e1lkozhattok kreat\u00edv, s\u0151t ink\u00e1bb extravag\u00e1ns dresszk\u00f3dokkal. A 2025-\u00f6s esk\u00fcv\u0151i trendek kiemelten kezelik az olyan \u00f6tletes megold\u00e1sokat, mint p\u00e9ld\u00e1ul egy meghat\u00e1rozott sz\u00ednvil\u00e1g (csupa feh\u00e9r, lila, vagy ak\u00e1r fekete), esetleg tematikus \u00f6lt\u00f6z\u00e9kek, amelyek garant\u00e1lj\u00e1k, hogy a vend\u00e9gek is t\u00f6k\u00e9letesen illeszkedjenek az esem\u00e9ny hangulat\u00e1ba.<\/p>\n<!-- \/wp:paragraph -->\n\n<!-- wp:paragraph -->\n<p>Sok p\u00e1r el\u0151zetesen inspir\u00e1ci\u00f3t is biztos\u00edt a vend\u00e9geinek, \u00edgy p\u00e9ld\u00e1ul moodboardokat osztanak meg vel\u00fck, hogy az \u00f6lt\u00f6z\u00e9kek kiv\u00e1laszt\u00e1sakor k\u00f6nnyed\u00e9n teremtsenek egys\u00e9ges, harmonikus \u00f6sszk\u00e9pet a Nagy Napon.<\/p>\n<!-- \/wp:paragraph -->\n\n<!-- wp:image {\"id\":3649,\"sizeSlug\":\"large\",\"linkDestination\":\"none\"} -->\n<figure class=\"wp-block-image size-large\"><img src=\"https:\/\/letilkuria.hu\/wp-content\/uploads\/4-1-1024x576.jpg\" alt=\"\" class=\"wp-image-3649\"\/><figcaption class=\"wp-element-caption\">Feyer Photography<\/figcaption><\/figure>\n<!-- \/wp:image -->\n\n<!-- wp:heading -->\n<h2 class=\"wp-block-heading\" id=\"zold-eskuvok-es-wellness-pillanatok\"><strong>\u201eZ\u00f6ld esk\u00fcv\u0151k\u201d \u00e9s wellness-pillanatok<\/strong><\/h2>\n<!-- \/wp:heading -->\n\n<!-- wp:paragraph -->\n<p>A 2025-\u00f6s esk\u00fcv\u0151i trendek egyik legkiemelked\u0151bb eleme <strong>a fenntarthat\u00f3s\u00e1g \u00e9s a term\u00e9szetk\u00f6zelis\u00e9g lesz. <\/strong>A z\u00f6ld gondolkod\u00e1s jegy\u00e9ben egyre t\u00f6bb p\u00e1r helyezi el\u0151t\u00e9rbe a <strong>szezon\u00e1lis gy\u00fcm\u00f6lcs\u00f6kb\u0151l \u00e9s z\u00f6lds\u00e9gekb\u0151l \u00e1ll\u00f3 dekor\u00e1ci\u00f3kat, a k\u00f6rnyezetbar\u00e1t megold\u00e1sokat, valamint a bio- \u00e9s \u00fajrahasznos\u00edtott anyagokat.<\/strong><\/p>\n<!-- \/wp:paragraph -->\n\n<!-- wp:paragraph -->\n<p>Emellett egyre gyakrabban b\u0151v\u00fcl az esk\u00fcv\u0151k programja <strong>wellness-\u00e9lm\u00e9nyekkel is.<\/strong> Nem ritka, hogy a p\u00e1rok a Nagy Napot egy teljes h\u00e9tv\u00e9g\u00e9s esem\u00e9nny\u00e9 var\u00e1zsolj\u00e1k, amely sor\u00e1n massz\u00e1zs, j\u00f3ga vagy ak\u00e1r medit\u00e1ci\u00f3s programok biztos\u00edtj\u00e1k, hogy <strong>az \u00fcnnepl\u00e9s igaz\u00e1n felejthetetlen \u00e9s felt\u00f6lt\u0151 legyen minden vend\u00e9g sz\u00e1m\u00e1ra.<\/strong><\/p>\n<!-- \/wp:paragraph -->\n\n<!-- wp:image {\"id\":3650,\"sizeSlug\":\"large\",\"linkDestination\":\"none\"} -->\n<figure class=\"wp-block-image size-large\"><img src=\"https:\/\/letilkuria.hu\/wp-content\/uploads\/5-1-1024x576.jpg\" alt=\"\" class=\"wp-image-3650\"\/><figcaption class=\"wp-element-caption\">Feyer Photography<\/figcaption><\/figure>\n<!-- \/wp:image -->\n\n<!-- wp:heading -->\n<h2 class=\"wp-block-heading\" id=\"szemelyes-markaepites-az-eskuvok-uj-szintje\"><strong>Szem\u00e9lyes m\u00e1rka\u00e9p\u00edt\u00e9s \u2013 az esk\u00fcv\u0151k \u00faj szintje<\/strong><\/h2>\n<!-- \/wp:heading -->\n\n<!-- wp:paragraph -->\n<p>A 2025-\u00f6s esk\u00fcv\u0151i trendek k\u00f6z\u00f6tt hangs\u00falyos szerepet <strong>kap az egyedis\u00e9g \u00e9s a szem\u00e9lyess\u00e9g:<\/strong> egyre t\u00f6bb p\u00e1r \u00e9p\u00edt <strong>saj\u00e1t \u201ebrandet\u201d esk\u00fcv\u0151je k\u00f6r\u00e9.<\/strong> Egyedi c\u00edmerekkel, log\u00f3kkal \u00e9s st\u00edlusos monogramokkal teszik k\u00fcl\u00f6nlegess\u00e9 az esem\u00e9nyt, megteremtve ezzel egy teljesen szem\u00e9lyre szabott \u00e9lm\u00e9nyt.<\/p>\n<!-- \/wp:paragraph -->\n\n<!-- wp:paragraph -->\n<p>A p\u00e1r saj\u00e1t t\u00f6rt\u00e9net\u00e9t t\u00fckr\u00f6z\u0151 arculat a r\u00e9szletekben is megjelenik: a k\u00e9zzel rajzolt log\u00f3k, a monogramos megh\u00edv\u00f3k \u00e9s a szem\u00e9lyes apr\u00f3s\u00e1gok mind azt mes\u00e9lik el, kik vagytok ti val\u00f3j\u00e1ban. Legyen sz\u00f3 csal\u00e1di \u00f6r\u00f6ks\u00e9gr\u0151l, egy k\u00f6z\u00f6sen meg\u00e9lt kalandr\u00f3l vagy hobbitokr\u00f3l.<\/p>\n<!-- \/wp:paragraph -->\n\n<!-- wp:image {\"id\":3651,\"sizeSlug\":\"large\",\"linkDestination\":\"none\"} -->\n<figure class=\"wp-block-image size-large\"><img src=\"https:\/\/letilkuria.hu\/wp-content\/uploads\/6-1-1024x576.jpg\" alt=\"\" class=\"wp-image-3651\"\/><figcaption class=\"wp-element-caption\">Feyer Photography<\/figcaption><\/figure>\n<!-- \/wp:image -->\n\n<!-- wp:heading -->\n<h2 class=\"wp-block-heading\" id=\"kozossegi-gasztroelmenyek\"><strong>K\u00f6z\u00f6ss\u00e9gi gasztro\u00e9lm\u00e9nyek<\/strong><\/h2>\n<!-- \/wp:heading -->\n\n<!-- wp:paragraph -->\n<p>Az egyik legizgalmasabb v\u00e1ltoz\u00e1s 2025-ben, hogy <strong>a hagyom\u00e1nyos, t\u00e1ny\u00e9ros vacsor\u00e1k<\/strong> helyett egyre ink\u00e1bb el\u0151t\u00e9rbe ker\u00fclnek a k\u00f6z\u00f6ss\u00e9gi \u00e9tkez\u00e9sek. Nagy sikere lesz a vend\u00e9gek \u00e1ltal szabadon v\u00e1logathat\u00f3, <strong>k\u00f6z\u00f6s t\u00e1lal\u00e1s\u00fa \u00e9teleknek,<\/strong> illetve a l\u00e1tv\u00e1nyos, sz\u00ednes \u201egrazing table\u201d koncepci\u00f3nak, <strong>amelyen gy\u00fcm\u00f6lcs\u00f6k, sajtok, falatk\u00e1k sorakoznak<\/strong>. Az italok ter\u00e9n is nem mindennapi megold\u00e1sok h\u00f3d\u00edtanak: a p\u00e1rok egyedi, szem\u00e9lyis\u00e9g\u00fcket t\u00fckr\u00f6z\u0151 kokt\u00e9lokkal lepik majd meg vend\u00e9geiket.<\/p>\n<!-- \/wp:paragraph -->\n\n<!-- wp:image {\"id\":3652,\"sizeSlug\":\"large\",\"linkDestination\":\"none\"} -->\n<figure class=\"wp-block-image size-large\"><img src=\"https:\/\/letilkuria.hu\/wp-content\/uploads\/7-1-1024x576.jpg\" alt=\"\" class=\"wp-image-3652\"\/><figcaption class=\"wp-element-caption\">Feyer Photography<\/figcaption><\/figure>\n<!-- \/wp:image -->\n\n<!-- wp:heading -->\n<h2 class=\"wp-block-heading\" id=\"eskuvoi-foto-es-videotrendek\"><strong>Esk\u00fcv\u0151i fot\u00f3- \u00e9s vide\u00f3trendek<\/strong><\/h2>\n<!-- \/wp:heading -->\n\n<!-- wp:paragraph -->\n<p>A vizu\u00e1lis eml\u00e9kek m\u00e9g sosem kaptak olyan fontos szerepet, mint most! <strong>A dokumentarista, term\u00e9szetes \u00e9s spont\u00e1n pillanatokat meg\u00f6r\u00f6k\u00edt\u0151 fot\u00f3z\u00e1s az egyik legn\u00e9pszer\u0171bb st\u00edlus lesz,<\/strong> mik\u00f6zben \u00faj lend\u00fcletet kapnak a dr\u00f3nokkal k\u00e9sz\u00fclt, l\u00e1tv\u00e1nyos l\u00e9gifelv\u00e9telek is. Mindemellett az akci\u00f3d\u00fas pillanatok \u00e9s a term\u00e9szetes \u00e9rzelmek meg\u00f6r\u00f6k\u00edt\u00e9se v\u00e1lik igaz\u00e1n trendiv\u00e9 r\u00f6vid vide\u00f3k form\u00e1j\u00e1ban, de a finom hangulat\u00fa akvarell-hat\u00e1s\u00fa \u00e9s vintage k\u00e9pek is renesz\u00e1nszukat \u00e9lik majd.<\/p>\n<!-- \/wp:paragraph -->\n\n<!-- wp:image {\"id\":3653,\"sizeSlug\":\"large\",\"linkDestination\":\"none\"} -->\n<figure class=\"wp-block-image size-large\"><img src=\"https:\/\/letilkuria.hu\/wp-content\/uploads\/8-1024x576.jpg\" alt=\"\" class=\"wp-image-3653\"\/><figcaption class=\"wp-element-caption\">Feyer Photography<\/figcaption><\/figure>\n<!-- \/wp:image -->\n\n<!-- wp:heading -->\n<h2 class=\"wp-block-heading\" id=\"eskuvoi-dekoracio-minel-nagyobb-annal-jobb\"><strong>Esk\u00fcv\u0151i dekor\u00e1ci\u00f3: min\u00e9l nagyobb, ann\u00e1l jobb?<\/strong><\/h2>\n<!-- \/wp:heading -->\n\n<!-- wp:paragraph -->\n<p>Az esk\u00fcv\u0151i <strong>dekor\u00e1ci\u00f3ban \u00fajra a leny\u0171g\u00f6z\u0151, grandi\u00f3zus megold\u00e1sok ker\u00fclnek a k\u00f6z\u00e9ppontba.<\/strong> Hossz\u00fa, l\u00e1tv\u00e1nyosan d\u00edsz\u00edtett asztalok, gazdagon r\u00e9tegzett anyagok, valamint felt\u0171n\u0151, monument\u00e1lis elemek domin\u00e1lnak majd. Kiemelked\u0151 lesz a f\u00e9nyek szerepe is: a f\u00e9lhom\u00e1lyos, romantikus vil\u00e1g\u00edt\u00e1s imm\u00e1r nem puszt\u00e1n kieg\u00e9sz\u00edt\u0151je, hanem szerves r\u00e9sze lesz az eg\u00e9sz dekor\u00e1ci\u00f3s koncepci\u00f3nak.<\/p>\n<!-- \/wp:paragraph -->\n\n<!-- wp:image {\"id\":3654,\"sizeSlug\":\"large\",\"linkDestination\":\"none\"} -->\n<figure class=\"wp-block-image size-large\"><img src=\"https:\/\/letilkuria.hu\/wp-content\/uploads\/9-1024x576.jpg\" alt=\"\" class=\"wp-image-3654\"\/><figcaption class=\"wp-element-caption\">Le Til K\u00faria fot\u00f3ja<\/figcaption><\/figure>\n<!-- \/wp:image -->\n\n<!-- wp:heading -->\n<h2 class=\"wp-block-heading\" id=\"grafikai-trendek\"><strong>Grafikai trendek<\/strong><\/h2>\n<!-- \/wp:heading -->\n\n<!-- wp:paragraph -->\n<p>Az esk\u00fcv\u0151i grafik\u00e1k is \u00faj szintre l\u00e9pnek a k\u00f6vetkez\u0151 szezonban. <strong>A term\u00e9szetb\u0151l inspir\u00e1l\u00f3d\u00f3 mot\u00edvumok, a f\u00f6ldsz\u00ednek, valamint a l\u00e1gy, akvarell text\u00far\u00e1k m\u00e9g sosem voltak ennyire kedveltek. <\/strong>A grafikai megold\u00e1sok ter\u00e9n divatos lesz a <strong>letisztult elegancia, a dombornyomott vagy aranyozott monogramokkal <\/strong>ell\u00e1tott megh\u00edv\u00f3k, valamint az egyedi, term\u00e9szet ihlette designok, amelyek mind t\u00f6k\u00e9letesen t\u00fckr\u00f6zik majd a p\u00e1r szem\u00e9lyis\u00e9g\u00e9t.<\/p>\n<!-- \/wp:paragraph -->\n\n<!-- wp:image {\"id\":3655,\"sizeSlug\":\"large\",\"linkDestination\":\"none\"} -->\n<figure class=\"wp-block-image size-large\"><img src=\"https:\/\/letilkuria.hu\/wp-content\/uploads\/10-1024x576.jpg\" alt=\"\" class=\"wp-image-3655\"\/><figcaption class=\"wp-element-caption\">Feyer Photography<\/figcaption><\/figure>\n<!-- \/wp:image -->\n\n<!-- wp:heading -->\n<h2 class=\"wp-block-heading\" id=\"osszegzes\"><strong>\u00d6sszegz\u00e9s<\/strong><\/h2>\n<!-- \/wp:heading -->\n\n<!-- wp:paragraph -->\n<p>A <strong>2025-\u00f6s esk\u00fcv\u0151i trendek<\/strong> a fenntarthat\u00f3s\u00e1g, az egyedi \u00e9lm\u00e9nyek, valamint a szem\u00e9lyes t\u00f6rt\u00e9netek k\u00f6r\u00e9 \u00e9p\u00fclnek. <strong>Ak\u00e1r a term\u00e9szetk\u00f6zelis\u00e9g, ak\u00e1r az id\u0151tlen elegancia vagy a vag\u00e1ny kreativit\u00e1s \u00e1ll hozz\u00e1tok k\u00f6zelebb, a <\/strong><a href=\"https:\/\/letilkuria.hu\/eskuvo\/\"><strong>Le Til K\u00fari\u00e1ban<\/strong><\/a><strong> seg\u00edt\u00fcnk \u00e9letre kelteni elk\u00e9pzel\u00e9seiteket.<\/strong> Ha szeretn\u00e9tek, hogy esk\u00fcv\u0151t\u00f6k felejthetetlen \u00e9lm\u00e9ny legyen, forduljatok hozz\u00e1nk bizalommal!<\/p>\n<!-- \/wp:paragraph -->\n\n<!-- wp:paragraph {\"align\":\"center\"} -->\n<p class=\"has-text-align-center\"><em><strong>Forr\u00e1sok:<\/strong> The Knot.com, Brides, Vogue, InStyle, RockMyWedding<\/em><\/p>\n<!-- \/wp:paragraph -->","_et_gb_content_width":"","footnotes":""},"categories":[9],"tags":[],"class_list":["post-3645","post","type-post","status-publish","format-standard","has-post-thumbnail","hentry","category-eskuvo"],"_links":{"self":[{"href":"https:\/\/letilkuria.hu\/en\/wp-json\/wp\/v2\/posts\/3645","targetHints":{"allow":["GET"]}}],"collection":[{"href":"https:\/\/letilkuria.hu\/en\/wp-json\/wp\/v2\/posts"}],"about":[{"href":"https:\/\/letilkuria.hu\/en\/wp-json\/wp\/v2\/types\/post"}],"author":[{"embeddable":true,"href":"https:\/\/letilkuria.hu\/en\/wp-json\/wp\/v2\/users\/1"}],"replies":[{"embeddable":true,"href":"https:\/\/letilkuria.hu\/en\/wp-json\/wp\/v2\/comments?post=3645"}],"version-history":[{"count":0,"href":"https:\/\/letilkuria.hu\/en\/wp-json\/wp\/v2\/posts\/3645\/revisions"}],"wp:featuredmedia":[{"embeddable":true,"href":"https:\/\/letilkuria.hu\/en\/wp-json\/wp\/v2\/media\/3646"}],"wp:attachment":[{"href":"https:\/\/letilkuria.hu\/en\/wp-json\/wp\/v2\/media?parent=3645"}],"wp:term":[{"taxonomy":"category","embeddable":true,"href":"https:\/\/letilkuria.hu\/en\/wp-json\/wp\/v2\/categories?post=3645"},{"taxonomy":"post_tag","embeddable":true,"href":"https:\/\/letilkuria.hu\/en\/wp-json\/wp\/v2\/tags?post=3645"}],"curies":[{"name":"wp","href":"https:\/\/api.w.org\/{rel}","templated":true}]}}