{"id":3622,"date":"2025-04-17T11:08:41","date_gmt":"2025-04-17T11:08:41","guid":{"rendered":"https:\/\/letilkuria.hu\/?p=3622"},"modified":"2025-04-22T10:11:41","modified_gmt":"2025-04-22T10:11:41","slug":"eskuvoi-ruha-klasszikus-elegancia-vagy-inkabb-trendi-mereszseg","status":"publish","type":"post","link":"https:\/\/letilkuria.hu\/en\/eskuvoi-ruha-klasszikus-elegancia-vagy-inkabb-trendi-mereszseg\/","title":{"rendered":"Esk\u00fcv\u0151i ruha \u2013 Klasszikus elegancia vagy ink\u00e1bb trendi mer\u00e9szs\u00e9g?"},"content":{"rendered":"<p>[et_pb_section fb_built=&#8221;1&#8243; _builder_version=&#8221;4.16&#8243; global_colors_info=&#8221;{}&#8221; theme_builder_area=&#8221;post_content&#8221;][et_pb_row _builder_version=&#8221;4.16&#8243; background_size=&#8221;initial&#8221; background_position=&#8221;top_left&#8221; background_repeat=&#8221;repeat&#8221; global_colors_info=&#8221;{}&#8221; theme_builder_area=&#8221;post_content&#8221;][et_pb_column type=&#8221;4_4&#8243; _builder_version=&#8221;4.16&#8243; custom_padding=&#8221;|||&#8221; global_colors_info=&#8221;{}&#8221; custom_padding__hover=&#8221;|||&#8221; theme_builder_area=&#8221;post_content&#8221;][et_pb_text _builder_version=&#8221;4.27.4&#8243; background_size=&#8221;initial&#8221; background_position=&#8221;top_left&#8221; background_repeat=&#8221;repeat&#8221; hover_enabled=&#8221;0&#8243; global_colors_info=&#8221;{}&#8221; theme_builder_area=&#8221;post_content&#8221; custom_css_free_form=&#8221;a:hover{||  text-decoration: underline;||}&#8221; sticky_enabled=&#8221;0&#8243;]<\/p>\n<p><!-- divi:paragraph --><span style=\"color: #000000;\">Az esk\u00fcv\u0151i ruha k\u00e9ts\u00e9gtelen\u00fcl az egyik legfontosabb ruhadarab, amelyet valaha viselni fogsz \u2013 \u00e9pp ez\u00e9rt nem mindegy, hogyan v\u00e1lasztasz. Ez a ruha hossz\u00fa \u00e9veken \u00e1t megmarad majd k\u00e9peken, vide\u00f3kon \u00e9s a k\u00f6z\u00f6ss\u00e9gi m\u00e9di\u00e1ban is, \u00edgy teljesen \u00e9rthet\u0151, hogy valami t\u00f6k\u00e9leteset szeretn\u00e9l. B\u00e1r sok menyasszonyra \u00e9s v\u0151leg\u00e9nyre komoly nyom\u00e1s nehezedik emiatt, a j\u00f3 h\u00edr az, hogy nem kell v\u00e1lasztanod az id\u0151tlen elegancia \u00e9s a divatos megjelen\u00e9s k\u00f6z\u00f6tt.<\/span><\/p>\n<p><span style=\"color: #000000;\"><!-- \/divi:paragraph --><\/span><\/p>\n<p><span style=\"color: #000000;\"><!-- divi:paragraph -->Ebben a blogcikkben megmutatjuk, hogyan tal\u00e1lhatod meg azt az esk\u00fcv\u0151i ruh\u00e1t, amely egyszerre st\u00edlusosan trendi \u00e9s klasszikusan \u00f6r\u00f6k \u00e9rv\u00e9ny\u0171!<\/span><\/p>\n<p><span style=\"color: #000000;\"><!-- \/divi:paragraph --><\/span><\/p>\n<p><span style=\"color: #000000;\"><!-- divi:rank-math\/toc-block {\"title\":\"Tartalomjegyz\u00e9k\",\"headings\":[{\"key\":\"7ca9ee1a-7817-49db-9fb8-080728e2c367\",\"content\":\"Jacquard \u00e9s brok\u00e1t: avagy a Bridgerton ihlette text\u00far\u00e1k\",\"level\":2,\"link\":\"#jacquard-es-brokat-avagy-a-bridgerton-ihlette-texturak\",\"disable\":false,\"isUpdated\":true,\"isGeneratedLink\":true},{\"key\":\"0e1b7d6b-181e-42b1-bfef-1913c72425f0\",\"content\":\"\u00dajra divatban: ejtett \u00e9s baszk derek\u00fa esk\u00fcv\u0151i ruh\u00e1k\",\"level\":2,\"link\":\"#ujra-divatban-ejtett-es-baszk-dereku-eskuvoi-ruhak\",\"disable\":false,\"isUpdated\":false,\"isGeneratedLink\":true},{\"key\":\"c43bbde3-690e-4fb9-993e-5f64512859ff\",\"content\":\"L\u00e1gy pasztellek \u00e9s finom f\u00e9mes ragyog\u00e1s\",\"level\":2,\"link\":\"#lagy-pasztellek-es-finom-femes-ragyogas\",\"disable\":false,\"isUpdated\":false,\"isGeneratedLink\":true},{\"key\":\"c9e5f6ca-204a-4780-9770-bc757d9b9441\",\"content\":\"Vintage st\u00edlus\u00fa f\u00e9rfidivat \u2013 klasszikus elegancia \u00faj k\u00f6nt\u00f6sben\",\"level\":2,\"link\":\"#vintage-stilusu-ferfidivat-klasszikus-elegancia-uj-kontosben\",\"disable\":false,\"isUpdated\":false,\"isGeneratedLink\":true},{\"key\":\"4e69bf36-381c-482a-8f73-0aa43cfa20d8\",\"content\":\"\u201eMaximalista\u201d f\u00e9rfiruha\",\"level\":2,\"link\":\"#maximalista-ferfiruha\",\"disable\":false,\"isUpdated\":false,\"isGeneratedLink\":true},{\"key\":\"0f263a91-5cb3-49f8-bc0b-25b021b3fb0a\",\"content\":\"Sz\u00f6gletes nyakkiv\u00e1g\u00e1s\",\"level\":2,\"link\":\"#szogletes-nyakkivagas\",\"disable\":false,\"isUpdated\":false,\"isGeneratedLink\":true},{\"key\":\"132023d9-ca0a-454e-afb8-699064708baa\",\"content\":\"Felsliccel\u00e9s: mer\u00e9szs\u00e9g \u00e9s dinamizmus\u00a0\",\"level\":2,\"link\":\"#felslicceles-mereszseg-es-dinamizmus\",\"disable\":false,\"isUpdated\":false,\"isGeneratedLink\":true},{\"key\":\"8f81a5da-9ee5-4f94-914d-c3971a0c998c\",\"content\":\"Lez\u00e1r\u00e1s\",\"level\":2,\"link\":\"#talald-meg-onmagad\",\"disable\":false,\"isUpdated\":true,\"isGeneratedLink\":true}],\"listStyle\":\"ul\"} --><\/span><\/p>\n<div class=\"wp-block-rank-math-toc-block\" id=\"rank-math-toc\">\n<h2><span style=\"color: #000000;\">Tartalomjegyz\u00e9k<\/span><\/h2>\n<nav>\n<ul>\n<li class=\"\"><span style=\"color: #000000;\"><a href=\"#jacquard-es-brokat-avagy-a-bridgerton-ihlette-texturak\" style=\"color: #000000;\">Jacquard \u00e9s brok\u00e1t: avagy a Bridgerton ihlette text\u00far\u00e1k<\/a><\/span><\/li>\n<li class=\"\"><span style=\"color: #000000;\"><a href=\"#ujra-divatban-ejtett-es-baszk-dereku-eskuvoi-ruhak\" style=\"color: #000000;\">\u00dajra divatban: ejtett \u00e9s baszk derek\u00fa esk\u00fcv\u0151i ruh\u00e1k<\/a><\/span><\/li>\n<li class=\"\"><span style=\"color: #000000;\"><a href=\"#lagy-pasztellek-es-finom-femes-ragyogas\" style=\"color: #000000;\">L\u00e1gy pasztellek \u00e9s finom f\u00e9mes ragyog\u00e1s<\/a><\/span><\/li>\n<li class=\"\"><span style=\"color: #000000;\"><a href=\"#vintage-stilusu-ferfidivat-klasszikus-elegancia-uj-kontosben\" style=\"color: #000000;\">Vintage st\u00edlus\u00fa f\u00e9rfidivat \u2013 klasszikus elegancia \u00faj k\u00f6nt\u00f6sben<\/a><\/span><\/li>\n<li class=\"\"><span style=\"color: #000000;\"><a href=\"#maximalista-ferfiruha\" style=\"color: #000000;\">\u201eMaximalista\u201d f\u00e9rfiruha<\/a><\/span><\/li>\n<li class=\"\"><span style=\"color: #000000;\"><a href=\"#szogletes-nyakkivagas\" style=\"color: #000000;\">Sz\u00f6gletes nyakkiv\u00e1g\u00e1s<\/a><\/span><\/li>\n<li class=\"\"><span style=\"color: #000000;\"><a href=\"#felslicceles-mereszseg-es-dinamizmus\" style=\"color: #000000;\">Felsliccel\u00e9s: mer\u00e9szs\u00e9g \u00e9s dinamizmus\u00a0<\/a><\/span><\/li>\n<li class=\"\"><span style=\"color: #000000;\"><a href=\"#talald-meg-onmagad\" style=\"color: #000000;\">Lez\u00e1r\u00e1s<\/a><\/span><\/li>\n<\/ul>\n<\/nav>\n<\/div>\n<p><span style=\"color: #000000;\"><!-- \/divi:rank-math\/toc-block --><\/span><\/p>\n<p><span style=\"color: #000000;\"><!-- divi:image {\"id\":3625,\"sizeSlug\":\"large\",\"linkDestination\":\"none\"} --><\/span><\/p>\n<figure class=\"wp-block-image size-large\"><img loading=\"lazy\" decoding=\"async\" width=\"1024\" height=\"576\" src=\"https:\/\/letilkuria.hu\/wp-content\/uploads\/2-6800db152c6ba-1024x576.webp\" alt=\"\" class=\"wp-image-3625\" title=\"\" srcset=\"https:\/\/letilkuria.hu\/wp-content\/uploads\/2-6800db152c6ba-980x551.webp 980w, https:\/\/letilkuria.hu\/wp-content\/uploads\/2-6800db152c6ba-480x270.webp 480w\" sizes=\"(min-width: 0px) and (max-width: 480px) 480px, (min-width: 481px) and (max-width: 980px) 980px, (min-width: 981px) 1024px, 100vw\" \/><\/figure>\n<p><span style=\"color: #000000;\"><!-- \/divi:image --><\/span><\/p>\n<p><span style=\"color: #000000;\"><!-- divi:heading --><\/span><\/p>\n<h2 class=\"wp-block-heading\" id=\"jacquard-es-brokat-avagy-a-bridgerton-ihlette-texturak\"><span style=\"color: #000000;\"><strong>Jacquard \u00e9s brok\u00e1t: avagy a Bridgerton ihlette text\u00far\u00e1k<\/strong><\/span><\/h2>\n<p><span style=\"color: #000000;\"><!-- \/divi:heading --><\/span><\/p>\n<p><span style=\"color: #000000;\"><!-- divi:paragraph -->Nevezz\u00fck csak Bridgerton-effektusnak, de a gazdagon text\u00far\u00e1lt, f\u00e9ny\u0171z\u0151 anyagok minden eddigin\u00e9l nagyobb n\u00e9pszer\u0171s\u00e9gnek \u00f6rvendenek majd. A menyasszonyok egyre b\u00e1trabban ny\u00falnak a k\u00fcl\u00f6nleges, l\u00e1tv\u00e1nyosan kidolgozott jacquard \u00e9s brok\u00e1t textilekhez, hogy az esk\u00fcv\u0151i ruha val\u00f3ban p\u00e1ratlan m\u0171alkot\u00e1ss\u00e1 v\u00e1ljon.<\/span><\/p>\n<p><span style=\"color: #000000;\"><!-- \/divi:paragraph --><\/span><\/p>\n<p><span style=\"color: #000000;\"><!-- divi:paragraph -->2025-ben k\u00fcl\u00f6n\u00f6sen divatos lesz a 3D-s hat\u00e1s\u00fa vir\u00e1gmot\u00edvumokkal, gazdag r\u00e9tegekkel vagy r\u00e9szletgazdag h\u00edmz\u00e9sekkel d\u00edsz\u00edtett ruha, mely nemcsak l\u00e1tv\u00e1nyban, hanem tapint\u00e1s\u00e1ban is egyed\u00fcl\u00e1ll\u00f3 \u00e9lm\u00e9nyt ny\u00fajt. Ezek az apr\u00f3l\u00e9kos megold\u00e1sok azon k\u00edv\u00fcl, hogy eleganci\u00e1t sug\u00e1roznak, m\u00e9lys\u00e9get, j\u00e1t\u00e9koss\u00e1got \u00e9s egyfajta mesebeli hangulatot is k\u00f6lcs\u00f6n\u00f6znek a menyasszonyok megjelen\u00e9s\u00e9nek.<\/span><\/p>\n<p><span style=\"color: #000000;\"><!-- \/divi:paragraph --><\/span><\/p>\n<p><span style=\"color: #000000;\"><!-- divi:image {\"id\":3626,\"sizeSlug\":\"large\",\"linkDestination\":\"none\"} --><\/span><\/p>\n<figure class=\"wp-block-image size-large\"><img loading=\"lazy\" decoding=\"async\" width=\"1024\" height=\"576\" src=\"https:\/\/letilkuria.hu\/wp-content\/uploads\/3-6800db19b6f77-1024x576.webp\" alt=\"\" class=\"wp-image-3626\" title=\"\" srcset=\"https:\/\/letilkuria.hu\/wp-content\/uploads\/3-6800db19b6f77-980x551.webp 980w, https:\/\/letilkuria.hu\/wp-content\/uploads\/3-6800db19b6f77-480x270.webp 480w\" sizes=\"(min-width: 0px) and (max-width: 480px) 480px, (min-width: 481px) and (max-width: 980px) 980px, (min-width: 981px) 1024px, 100vw\" \/><\/figure>\n<p><span style=\"color: #000000;\"><!-- \/divi:image --><\/span><\/p>\n<p><span style=\"color: #000000;\"><!-- divi:heading --><\/span><\/p>\n<h2 class=\"wp-block-heading\" id=\"ujra-divatban-ejtett-es-baszk-dereku-eskuvoi-ruhak\"><span style=\"color: #000000;\"><strong>\u00dajra divatban: ejtett \u00e9s baszk derek\u00fa esk\u00fcv\u0151i ruh\u00e1k<\/strong><\/span><\/h2>\n<p><span style=\"color: #000000;\"><!-- \/divi:heading --><\/span><\/p>\n<p><span style=\"color: #000000;\"><!-- divi:paragraph -->Megint csak annak a bizonyos \u201eBridgerton-hat\u00e1snak\u201d k\u00f6sz\u00f6nhet\u0151en biztos, hogy az ejtett derek\u00fa \u00e9s baszk fazonok id\u00e9n \u00fajra megh\u00f3d\u00edtj\u00e1k az esk\u00fcv\u0151i ruh\u00e1k vil\u00e1g\u00e1t.\u00a0<\/span><\/p>\n<p><span style=\"color: #000000;\"><!-- \/divi:paragraph --><\/span><\/p>\n<p><span style=\"color: #000000;\"><!-- divi:paragraph -->Az ejtett der\u00e9k l\u00e1gyan simul a term\u00e9szetes der\u00e9kvonal al\u00e1, mik\u00f6zben eleg\u00e1ns vagy \u00e9pp j\u00e1t\u00e9kosan telt szokny\u00e1ban folytat\u00f3dik. A baszk der\u00e9k ezzel szemben hat\u00e1rozottabb kont\u00fart rajzol, gy\u00f6ny\u00f6r\u0171en kiemelve a n\u0151ies form\u00e1kat.<\/span><\/p>\n<p><span style=\"color: #000000;\"><!-- \/divi:paragraph --><\/span><\/p>\n<p><span style=\"color: #000000;\"><!-- divi:paragraph -->Nem v\u00e9letlen\u00fcl v\u00e1ltak \u00fajra kedvencc\u00e9 ezek a klasszikus fazonok, hiszen a \u201eromantikus szab\u00e1svonalak\u201d k\u00f6z\u00e9 tartoznak: a korabeli filmek \u00e9s sorozatok jelent\u0151s szerepet j\u00e1tszanak abban, hogy \u00fajra felfedezt\u00fck a r\u00e9gm\u00faltb\u00f3l mer\u00edtett eleganci\u00e1t, amely t\u00f6k\u00e9letes inspir\u00e1ci\u00f3 lehet a Nagy Napra.<\/span><\/p>\n<p><span style=\"color: #000000;\"><!-- \/divi:paragraph --><\/span><\/p>\n<p><span style=\"color: #000000;\"><!-- divi:image {\"id\":3627,\"sizeSlug\":\"large\",\"linkDestination\":\"none\"} --><\/span><\/p>\n<figure class=\"wp-block-image size-large\"><img loading=\"lazy\" decoding=\"async\" width=\"1024\" height=\"576\" src=\"https:\/\/letilkuria.hu\/wp-content\/uploads\/4-6800db1a65268-1024x576.webp\" alt=\"\" class=\"wp-image-3627\" title=\"\" srcset=\"https:\/\/letilkuria.hu\/wp-content\/uploads\/4-6800db1a65268-980x551.webp 980w, https:\/\/letilkuria.hu\/wp-content\/uploads\/4-6800db1a65268-480x270.webp 480w\" sizes=\"(min-width: 0px) and (max-width: 480px) 480px, (min-width: 481px) and (max-width: 980px) 980px, (min-width: 981px) 1024px, 100vw\" \/><\/figure>\n<p><span style=\"color: #000000;\"><!-- \/divi:image --><\/span><\/p>\n<p><span style=\"color: #000000;\"><!-- divi:heading --><\/span><\/p>\n<h2 class=\"wp-block-heading\" id=\"lagy-pasztellek-es-finom-femes-ragyogas\"><span style=\"color: #000000;\"><strong>L\u00e1gy pasztellek \u00e9s finom f\u00e9mes ragyog\u00e1s<\/strong><\/span><\/h2>\n<p><span style=\"color: #000000;\"><!-- \/divi:heading --><\/span><\/p>\n<p><span style=\"color: #000000;\"><!-- divi:paragraph -->A hagyom\u00e1nyos feh\u00e9r \u00e9s elef\u00e1ntcsont \u00e1rnyalatok term\u00e9szetesen mindig id\u0151tlen klasszikusok maradnak, m\u00e9gis egyre t\u00f6bb menyasszony v\u00e1laszt l\u00e1gyabb, pasztelles t\u00f3nusokat, p\u00e9ld\u00e1ul p\u00faderr\u00f3zsasz\u00ednt, levendul\u00e1t vagy halv\u00e1nyk\u00e9ket az esk\u00fcv\u0151i ruh\u00e1j\u00e1hoz. 2025 k\u00fcl\u00f6nleges \u00fajdons\u00e1gai pedig a finom, visszafogott f\u00e9msz\u00ednek lesznek, amelyek eleg\u00e1nsan csillognak, \u00e9s gy\u00f6ny\u00f6r\u0171en mutatnak a fot\u00f3kon is.<\/span><\/p>\n<p><span style=\"color: #000000;\"><!-- \/divi:paragraph --><\/span><\/p>\n<p><span style=\"color: #000000;\"><!-- divi:paragraph -->Ezek az \u00e1rnyalatok frissess\u00e9get \u00e9s modern lend\u00fcletet adnak a menyasszonyi megjelen\u00e9snek, t\u00f6k\u00e9letesen meg\u00f6r\u00f6k\u00edthet\u0151ek fot\u00f3kon, \u00e9s \u00e9ppen azt az egyens\u00falyt teremtik meg a hagyom\u00e1ny \u00e9s \u00faj\u00edt\u00e1s, valamint az elegancia \u00e9s kalandv\u00e1gy k\u00f6z\u00f6tt, amit a modern menyasszonyok igaz\u00e1n keresnek.<\/span><\/p>\n<p><span style=\"color: #000000;\"><!-- \/divi:paragraph --><\/span><\/p>\n<p><span style=\"color: #000000;\"><!-- divi:image {\"id\":3628,\"sizeSlug\":\"large\",\"linkDestination\":\"none\"} --><\/span><\/p>\n<figure class=\"wp-block-image size-large\"><img loading=\"lazy\" decoding=\"async\" width=\"1024\" height=\"576\" src=\"https:\/\/letilkuria.hu\/wp-content\/uploads\/5-6800db1d88c31-1024x576.webp\" alt=\"\" class=\"wp-image-3628\" title=\"\" srcset=\"https:\/\/letilkuria.hu\/wp-content\/uploads\/5-6800db1d88c31-980x551.webp 980w, https:\/\/letilkuria.hu\/wp-content\/uploads\/5-6800db1d88c31-480x270.webp 480w\" sizes=\"(min-width: 0px) and (max-width: 480px) 480px, (min-width: 481px) and (max-width: 980px) 980px, (min-width: 981px) 1024px, 100vw\" \/><\/figure>\n<p><span style=\"color: #000000;\"><!-- \/divi:image --><\/span><\/p>\n<p><span style=\"color: #000000;\"><!-- divi:heading --><\/span><\/p>\n<h2 class=\"wp-block-heading\" id=\"vintage-stilusu-ferfidivat-klasszikus-elegancia-uj-kontosben\"><span style=\"color: #000000;\"><strong>Vintage st\u00edlus\u00fa f\u00e9rfidivat \u2013 klasszikus elegancia \u00faj k\u00f6nt\u00f6sben<\/strong><\/span><\/h2>\n<p><span style=\"color: #000000;\"><!-- \/divi:heading --><\/span><\/p>\n<p><span style=\"color: #000000;\"><!-- divi:paragraph -->A f\u00e9rfiak esk\u00fcv\u0151i \u00f6lt\u00f6z\u00e9ke 2025-ben b\u00e1tran kil\u00e9p a hagyom\u00e1nyos fekete \u00f6lt\u00f6ny\u00f6k vil\u00e1g\u00e1b\u00f3l, \u00e9s j\u00e1t\u00e9kosan id\u00e9zi fel a vintage divatot. Sz\u00e9les hajt\u00f3k\u00e1k, mer\u00e9sz szab\u00e1svonalak, izgalmas nyakkend\u0151k \u00e9s figyelemfelkelt\u0151 kieg\u00e9sz\u00edt\u0151k \u2013 p\u00e9ld\u00e1ul retro szem\u00fcvegek vagy egy-egy k\u00fcl\u00f6nleges, eml\u00e9kezetes csokornyakkend\u0151 \u2013 domin\u00e1lnak majd. Ezek a st\u00edlusos r\u00e9szletek egyszerre sug\u00e1roznak er\u0151teljes eleganci\u00e1t \u00e9s j\u00e1t\u00e9kos mer\u00e9szs\u00e9get, t\u00f6k\u00e9letesen kifejezve a modern v\u0151leg\u00e9ny szem\u00e9lyis\u00e9g\u00e9t.<\/span><\/p>\n<p><span style=\"color: #000000;\"><!-- \/divi:paragraph --><\/span><\/p>\n<p><span style=\"color: #000000;\"><!-- divi:image {\"id\":3629,\"sizeSlug\":\"large\",\"linkDestination\":\"none\"} --><\/span><\/p>\n<figure class=\"wp-block-image size-large\"><img loading=\"lazy\" decoding=\"async\" width=\"1024\" height=\"576\" src=\"https:\/\/letilkuria.hu\/wp-content\/uploads\/6-6800db1e09683-1024x576.webp\" alt=\"\" class=\"wp-image-3629\" title=\"\" srcset=\"https:\/\/letilkuria.hu\/wp-content\/uploads\/6-6800db1e09683-980x551.webp 980w, https:\/\/letilkuria.hu\/wp-content\/uploads\/6-6800db1e09683-480x270.webp 480w\" sizes=\"(min-width: 0px) and (max-width: 480px) 480px, (min-width: 481px) and (max-width: 980px) 980px, (min-width: 981px) 1024px, 100vw\" \/><\/figure>\n<p><span style=\"color: #000000;\"><!-- \/divi:image --><\/span><\/p>\n<p><span style=\"color: #000000;\"><!-- divi:heading --><\/span><\/p>\n<h2 class=\"wp-block-heading\" id=\"maximalista-ferfiruha\"><span style=\"color: #000000;\"><strong>\u201eMaximalista\u201d f\u00e9rfiruha<\/strong><\/span><\/h2>\n<p><span style=\"color: #000000;\"><!-- \/divi:heading --><\/span><\/p>\n<p><span style=\"color: #000000;\"><!-- divi:paragraph -->2025-ben az esk\u00fcv\u0151i f\u00e9rfidivat a maximalista ir\u00e1ny fel\u00e9 halad: form\u00e1lisabb, pazarabb \u00e9s mer\u00e9szebb lesz, mint eddig b\u00e1rmikor. Egyre t\u00f6bben v\u00e1lasztanak majd egyedi, k\u00fcl\u00f6nleges sz\u00edneket \u2013 p\u00e9ld\u00e1ul kr\u00e9msz\u00ednt, p\u00faderes \u00e1rnyalatokat, vagy ak\u00e1r m\u00e9ly t\u00f3nus\u00fa k\u00e9keket \u00e9s z\u00f6ldeket \u2013, amelyek garant\u00e1ltan eml\u00e9kezetess\u00e9 teszik a megjelen\u00e9st. A text\u00far\u00e1k ter\u00e9n is l\u00e1tv\u00e1nyos lesz a v\u00e1ltoz\u00e1s: a tweed, b\u00e1rsony vagy m\u00e1s gazdag text\u00far\u00e1j\u00fa anyagok mellett a kifinomult szab\u00e1s \u00e9s a r\u00e9szletekre val\u00f3 odafigyel\u00e9s hat\u00e1rozza majd meg a 2025-\u00f6s f\u00e9rfiruha-trendeket.<\/span><\/p>\n<p><span style=\"color: #000000;\"><!-- \/divi:paragraph --><\/span><\/p>\n<p><span style=\"color: #000000;\"><!-- divi:image {\"id\":3630,\"sizeSlug\":\"large\",\"linkDestination\":\"none\"} --><\/span><\/p>\n<figure class=\"wp-block-image size-large\"><img loading=\"lazy\" decoding=\"async\" width=\"1024\" height=\"576\" src=\"https:\/\/letilkuria.hu\/wp-content\/uploads\/7-6800db2080b99-1024x576.webp\" alt=\"\" class=\"wp-image-3630\" title=\"\" srcset=\"https:\/\/letilkuria.hu\/wp-content\/uploads\/7-6800db2080b99-980x551.webp 980w, https:\/\/letilkuria.hu\/wp-content\/uploads\/7-6800db2080b99-480x270.webp 480w\" sizes=\"(min-width: 0px) and (max-width: 480px) 480px, (min-width: 481px) and (max-width: 980px) 980px, (min-width: 981px) 1024px, 100vw\" \/><\/figure>\n<p><span style=\"color: #000000;\"><!-- \/divi:image --><\/span><\/p>\n<p><span style=\"color: #000000;\"><!-- divi:heading --><\/span><\/p>\n<h2 class=\"wp-block-heading\" id=\"szogletes-nyakkivagas\"><span style=\"color: #000000;\"><strong>Sz\u00f6gletes nyakkiv\u00e1g\u00e1s<\/strong><\/span><\/h2>\n<p><span style=\"color: #000000;\"><!-- \/divi:heading --><\/span><\/p>\n<p><span style=\"color: #000000;\"><!-- divi:paragraph -->A sz\u00f6gletes nyakkiv\u00e1g\u00e1s az esk\u00fcv\u0151i ruh\u00e1k egyik legn\u00e9pszer\u0171bb st\u00edluseleme lesz 2025-ben, k\u00f6sz\u00f6nhet\u0151en modern, m\u00e9gis id\u0151tlen karakter\u00e9nek. Ez a letisztult vonalvezet\u00e9s struktur\u00e1lt, eleg\u00e1ns megjelen\u00e9st k\u00f6lcs\u00f6n\u00f6z, mik\u00f6zben finoman kiemeli a n\u0151ies vonalakat, k\u00fcl\u00f6n\u00f6sen a nyakat, v\u00e1llakat \u00e9s a kulcscsont vonal\u00e1t. A menyasszonyok nemcsak az\u00e9rt im\u00e1dj\u00e1k, mert szinte b\u00e1rmilyen anyaggal remek\u00fcl mutat \u2013 legyen sz\u00f3 minimalista szat\u00e9nr\u00f3l vagy gazdag h\u00edmz\u00e9sekkel d\u00edsz\u00edtett csipk\u00e9r\u0151l \u2013, hanem mert egyszerre k\u00e9pes modern \u00e9s klasszikus hat\u00e1st kelteni.<\/span><\/p>\n<p><span style=\"color: #000000;\"><!-- \/divi:paragraph --><\/span><\/p>\n<p><span style=\"color: #000000;\"><!-- divi:image {\"id\":3631,\"sizeSlug\":\"large\",\"linkDestination\":\"none\"} --><\/span><\/p>\n<figure class=\"wp-block-image size-large\"><img loading=\"lazy\" decoding=\"async\" width=\"1024\" height=\"576\" src=\"https:\/\/letilkuria.hu\/wp-content\/uploads\/8-6800db2117348-1024x576.webp\" alt=\"\" class=\"wp-image-3631\" title=\"\" srcset=\"https:\/\/letilkuria.hu\/wp-content\/uploads\/8-6800db2117348-980x551.webp 980w, https:\/\/letilkuria.hu\/wp-content\/uploads\/8-6800db2117348-480x270.webp 480w\" sizes=\"(min-width: 0px) and (max-width: 480px) 480px, (min-width: 481px) and (max-width: 980px) 980px, (min-width: 981px) 1024px, 100vw\" \/><\/figure>\n<p><span style=\"color: #000000;\"><!-- \/divi:image --><\/span><\/p>\n<p><span style=\"color: #000000;\"><!-- divi:heading --><\/span><\/p>\n<h2 class=\"wp-block-heading\" id=\"felslicceles-mereszseg-es-dinamizmus\"><span style=\"color: #000000;\"><strong>Felsliccel\u00e9s: mer\u00e9szs\u00e9g \u00e9s dinamizmus\u00a0<\/strong><\/span><\/h2>\n<p><span style=\"color: #000000;\"><!-- \/divi:heading --><\/span><\/p>\n<p><span style=\"color: #000000;\"><!-- divi:paragraph -->A felsliccelt menyasszonyi ruh\u00e1k t\u00f6k\u00e9letes v\u00e1laszt\u00e1st jelentenek azok sz\u00e1m\u00e1ra, akik egy kis mer\u00e9szs\u00e9ggel szeretn\u00e9k feldobni a Nagy Napjukat. Ezek a ruh\u00e1k dr\u00e1mai hat\u00e1st keltenek, hiszen mozg\u00e1st, \u00e1raml\u00e1st \u00e9s l\u00e9gies k\u00f6nnyeds\u00e9get adnak a ruh\u00e1nak, k\u00fcl\u00f6n\u00f6sen a t\u00e1ncparketten vagy fot\u00f3z\u00e1s k\u00f6zben. R\u00e1ad\u00e1sul kiv\u00e1l\u00f3 lehet\u0151s\u00e9get ny\u00fajtanak arra, hogy megmutasd kedvenc, k\u00fcl\u00f6nleges cip\u0151det is. Legyen sz\u00f3 combk\u00f6z\u00e9pig \u00e9r\u0151 vagy visszafogottabb has\u00edt\u00e9kr\u00f3l, ez a st\u00edlus biztosan felt\u0171n\u00e9st kelt majd az esk\u00fcv\u0151n, mik\u00f6zben n\u0151ies, divatos \u00e9s eml\u00e9kezetes megjelen\u00e9st biztos\u00edt.<\/span><\/p>\n<p><span style=\"color: #000000;\"><!-- \/divi:paragraph --><\/span><\/p>\n<p><span style=\"color: #000000;\"><!-- divi:heading --><\/span><\/p>\n<h2 class=\"wp-block-heading\" id=\"talald-meg-onmagad\"><span style=\"color: #000000;\"><strong>Tal\u00e1ld meg \u00f6nmagad!<\/strong><\/span><\/h2>\n<p><span style=\"color: #000000;\"><!-- \/divi:heading --><\/span><\/p>\n<p><span style=\"color: #000000;\"><!-- divi:paragraph -->Id\u0151tlen st\u00edlus vagy modern mer\u00e9szs\u00e9g, finom r\u00e9szletek vagy extravag\u00e1ns megold\u00e1sok? Id\u00e9n mindennek helye van, ami a te egy\u00e9nis\u00e9gedet t\u00fckr\u00f6zi!\u00a0<\/span><\/p>\n<p><span style=\"color: #000000;\"><!-- \/divi:paragraph --><\/span><\/p>\n<p><span style=\"color: #000000;\"><!-- divi:paragraph -->Ha szeretn\u00e9l konkr\u00e9t seg\u00edts\u00e9get, inspir\u00e1ci\u00f3t vagy szakmai t\u00e1mogat\u00e1st ahhoz, hogy mindezt \u00e9letre keltsd, a Le Til K\u00faria csapata \u00f6r\u00f6mmel \u00e1ll rendelkez\u00e9sedre, hogy az \u00e1lomb\u00f3l val\u00f3s\u00e1g legyen!<\/span><\/p>\n<p><span style=\"color: #000000;\"><!-- \/divi:paragraph --><\/span><\/p>\n<p><span style=\"color: #000000;\"><!-- divi:paragraph -->*Minden felhaszn\u00e1lt fot\u00f3 Feyer Photography tulajdon\u00e1t k\u00e9pezi.<\/span><\/p>\n<p><!-- \/divi:paragraph --><\/p>\n<p>[\/et_pb_text][\/et_pb_column][\/et_pb_row][\/et_pb_section]<\/p>\n","protected":false},"excerpt":{"rendered":"<p>Az esk\u00fcv\u0151i ruha k\u00e9ts\u00e9gtelen\u00fcl az egyik legfontosabb ruhadarab, amelyet valaha viselni fogsz \u2013 \u00e9pp ez\u00e9rt nem mindegy, hogyan v\u00e1lasztasz. Ez a ruha hossz\u00fa \u00e9veken \u00e1t megmarad majd k\u00e9peken, vide\u00f3kon \u00e9s a k\u00f6z\u00f6ss\u00e9gi m\u00e9di\u00e1ban is, \u00edgy teljesen \u00e9rthet\u0151, hogy valami t\u00f6k\u00e9leteset szeretn\u00e9l. B\u00e1r sok menyasszonyra \u00e9s v\u0151leg\u00e9nyre komoly nyom\u00e1s nehezedik emiatt, a j\u00f3 h\u00edr az, hogy [&hellip;]<\/p>\n","protected":false},"author":1,"featured_media":3632,"comment_status":"closed","ping_status":"open","sticky":false,"template":"","format":"standard","meta":{"_et_pb_use_builder":"on","_et_pb_old_content":"<!-- wp:paragraph -->\n<p>Az esk\u00fcv\u0151i ruha k\u00e9ts\u00e9gtelen\u00fcl az egyik legfontosabb ruhadarab, amelyet valaha viselni fogsz \u2013 \u00e9pp ez\u00e9rt nem mindegy, hogyan v\u00e1lasztasz. Ez a ruha hossz\u00fa \u00e9veken \u00e1t megmarad majd k\u00e9peken, vide\u00f3kon \u00e9s a k\u00f6z\u00f6ss\u00e9gi m\u00e9di\u00e1ban is, \u00edgy teljesen \u00e9rthet\u0151, hogy valami t\u00f6k\u00e9leteset szeretn\u00e9l. B\u00e1r sok menyasszonyra \u00e9s v\u0151leg\u00e9nyre komoly nyom\u00e1s nehezedik emiatt, a j\u00f3 h\u00edr az, hogy nem kell v\u00e1lasztanod az id\u0151tlen elegancia \u00e9s a divatos megjelen\u00e9s k\u00f6z\u00f6tt.<\/p>\n<!-- \/wp:paragraph -->\n\n<!-- wp:paragraph -->\n<p>Ebben a blogcikkben megmutatjuk, hogyan tal\u00e1lhatod meg azt az esk\u00fcv\u0151i ruh\u00e1t, amely egyszerre st\u00edlusosan trendi \u00e9s klasszikusan \u00f6r\u00f6k \u00e9rv\u00e9ny\u0171!<\/p>\n<!-- \/wp:paragraph -->\n\n<!-- wp:rank-math\/toc-block {\"title\":\"Tartalomjegyz\u00e9k\",\"headings\":[{\"key\":\"7ca9ee1a-7817-49db-9fb8-080728e2c367\",\"content\":\"Jacquard \u00e9s brok\u00e1t: avagy a Bridgerton ihlette text\u00far\u00e1k\",\"level\":2,\"link\":\"#jacquard-es-brokat-avagy-a-bridgerton-ihlette-texturak\",\"disable\":false,\"isUpdated\":true,\"isGeneratedLink\":true},{\"key\":\"0e1b7d6b-181e-42b1-bfef-1913c72425f0\",\"content\":\"\u00dajra divatban: ejtett \u00e9s baszk derek\u00fa esk\u00fcv\u0151i ruh\u00e1k\",\"level\":2,\"link\":\"#ujra-divatban-ejtett-es-baszk-dereku-eskuvoi-ruhak\",\"disable\":false,\"isUpdated\":false,\"isGeneratedLink\":true},{\"key\":\"c43bbde3-690e-4fb9-993e-5f64512859ff\",\"content\":\"L\u00e1gy pasztellek \u00e9s finom f\u00e9mes ragyog\u00e1s\",\"level\":2,\"link\":\"#lagy-pasztellek-es-finom-femes-ragyogas\",\"disable\":false,\"isUpdated\":false,\"isGeneratedLink\":true},{\"key\":\"c9e5f6ca-204a-4780-9770-bc757d9b9441\",\"content\":\"Vintage st\u00edlus\u00fa f\u00e9rfidivat \u2013 klasszikus elegancia \u00faj k\u00f6nt\u00f6sben\",\"level\":2,\"link\":\"#vintage-stilusu-ferfidivat-klasszikus-elegancia-uj-kontosben\",\"disable\":false,\"isUpdated\":false,\"isGeneratedLink\":true},{\"key\":\"4e69bf36-381c-482a-8f73-0aa43cfa20d8\",\"content\":\"\u201eMaximalista\u201d f\u00e9rfiruha\",\"level\":2,\"link\":\"#maximalista-ferfiruha\",\"disable\":false,\"isUpdated\":false,\"isGeneratedLink\":true},{\"key\":\"0f263a91-5cb3-49f8-bc0b-25b021b3fb0a\",\"content\":\"Sz\u00f6gletes nyakkiv\u00e1g\u00e1s\",\"level\":2,\"link\":\"#szogletes-nyakkivagas\",\"disable\":false,\"isUpdated\":false,\"isGeneratedLink\":true},{\"key\":\"132023d9-ca0a-454e-afb8-699064708baa\",\"content\":\"Felsliccel\u00e9s: mer\u00e9szs\u00e9g \u00e9s dinamizmus\u00a0\",\"level\":2,\"link\":\"#felslicceles-mereszseg-es-dinamizmus\",\"disable\":false,\"isUpdated\":false,\"isGeneratedLink\":true},{\"key\":\"8f81a5da-9ee5-4f94-914d-c3971a0c998c\",\"content\":\"Lez\u00e1r\u00e1s\",\"level\":2,\"link\":\"#talald-meg-onmagad\",\"disable\":false,\"isUpdated\":true,\"isGeneratedLink\":true}],\"listStyle\":\"ul\"} -->\n<div class=\"wp-block-rank-math-toc-block\" id=\"rank-math-toc\"><h2>Tartalomjegyz\u00e9k<\/h2><nav><ul><li class=\"\"><a href=\"#jacquard-es-brokat-avagy-a-bridgerton-ihlette-texturak\">Jacquard \u00e9s brok\u00e1t: avagy a Bridgerton ihlette text\u00far\u00e1k<\/a><\/li><li class=\"\"><a href=\"#ujra-divatban-ejtett-es-baszk-dereku-eskuvoi-ruhak\">\u00dajra divatban: ejtett \u00e9s baszk derek\u00fa esk\u00fcv\u0151i ruh\u00e1k<\/a><\/li><li class=\"\"><a href=\"#lagy-pasztellek-es-finom-femes-ragyogas\">L\u00e1gy pasztellek \u00e9s finom f\u00e9mes ragyog\u00e1s<\/a><\/li><li class=\"\"><a href=\"#vintage-stilusu-ferfidivat-klasszikus-elegancia-uj-kontosben\">Vintage st\u00edlus\u00fa f\u00e9rfidivat \u2013 klasszikus elegancia \u00faj k\u00f6nt\u00f6sben<\/a><\/li><li class=\"\"><a href=\"#maximalista-ferfiruha\">\u201eMaximalista\u201d f\u00e9rfiruha<\/a><\/li><li class=\"\"><a href=\"#szogletes-nyakkivagas\">Sz\u00f6gletes nyakkiv\u00e1g\u00e1s<\/a><\/li><li class=\"\"><a href=\"#felslicceles-mereszseg-es-dinamizmus\">Felsliccel\u00e9s: mer\u00e9szs\u00e9g \u00e9s dinamizmus\u00a0<\/a><\/li><li class=\"\"><a href=\"#talald-meg-onmagad\">Lez\u00e1r\u00e1s<\/a><\/li><\/ul><\/nav><\/div>\n<!-- \/wp:rank-math\/toc-block -->\n\n<!-- wp:image {\"id\":3625,\"sizeSlug\":\"large\",\"linkDestination\":\"none\"} -->\n<figure class=\"wp-block-image size-large\"><img src=\"https:\/\/letilkuria.hu\/wp-content\/uploads\/2-6800db152c6ba-1024x576.webp\" alt=\"\" class=\"wp-image-3625\"\/><\/figure>\n<!-- \/wp:image -->\n\n<!-- wp:heading -->\n<h2 class=\"wp-block-heading\" id=\"jacquard-es-brokat-avagy-a-bridgerton-ihlette-texturak\"><strong>Jacquard \u00e9s brok\u00e1t: avagy a Bridgerton ihlette text\u00far\u00e1k<\/strong><\/h2>\n<!-- \/wp:heading -->\n\n<!-- wp:paragraph -->\n<p>Nevezz\u00fck csak Bridgerton-effektusnak, de a gazdagon text\u00far\u00e1lt, f\u00e9ny\u0171z\u0151 anyagok minden eddigin\u00e9l nagyobb n\u00e9pszer\u0171s\u00e9gnek \u00f6rvendenek majd. A menyasszonyok egyre b\u00e1trabban ny\u00falnak a k\u00fcl\u00f6nleges, l\u00e1tv\u00e1nyosan kidolgozott jacquard \u00e9s brok\u00e1t textilekhez, hogy az esk\u00fcv\u0151i ruha val\u00f3ban p\u00e1ratlan m\u0171alkot\u00e1ss\u00e1 v\u00e1ljon.<\/p>\n<!-- \/wp:paragraph -->\n\n<!-- wp:paragraph -->\n<p>2025-ben k\u00fcl\u00f6n\u00f6sen divatos lesz a 3D-s hat\u00e1s\u00fa vir\u00e1gmot\u00edvumokkal, gazdag r\u00e9tegekkel vagy r\u00e9szletgazdag h\u00edmz\u00e9sekkel d\u00edsz\u00edtett ruha, mely nemcsak l\u00e1tv\u00e1nyban, hanem tapint\u00e1s\u00e1ban is egyed\u00fcl\u00e1ll\u00f3 \u00e9lm\u00e9nyt ny\u00fajt. Ezek az apr\u00f3l\u00e9kos megold\u00e1sok azon k\u00edv\u00fcl, hogy eleganci\u00e1t sug\u00e1roznak, m\u00e9lys\u00e9get, j\u00e1t\u00e9koss\u00e1got \u00e9s egyfajta mesebeli hangulatot is k\u00f6lcs\u00f6n\u00f6znek a menyasszonyok megjelen\u00e9s\u00e9nek.<\/p>\n<!-- \/wp:paragraph -->\n\n<!-- wp:image {\"id\":3626,\"sizeSlug\":\"large\",\"linkDestination\":\"none\"} -->\n<figure class=\"wp-block-image size-large\"><img src=\"https:\/\/letilkuria.hu\/wp-content\/uploads\/3-6800db19b6f77-1024x576.webp\" alt=\"\" class=\"wp-image-3626\"\/><\/figure>\n<!-- \/wp:image -->\n\n<!-- wp:heading -->\n<h2 class=\"wp-block-heading\" id=\"ujra-divatban-ejtett-es-baszk-dereku-eskuvoi-ruhak\"><strong>\u00dajra divatban: ejtett \u00e9s baszk derek\u00fa esk\u00fcv\u0151i ruh\u00e1k<\/strong><\/h2>\n<!-- \/wp:heading -->\n\n<!-- wp:paragraph -->\n<p>Megint csak annak a bizonyos \u201eBridgerton-hat\u00e1snak\u201d k\u00f6sz\u00f6nhet\u0151en biztos, hogy az ejtett derek\u00fa \u00e9s baszk fazonok id\u00e9n \u00fajra megh\u00f3d\u00edtj\u00e1k az esk\u00fcv\u0151i ruh\u00e1k vil\u00e1g\u00e1t.&nbsp;<\/p>\n<!-- \/wp:paragraph -->\n\n<!-- wp:paragraph -->\n<p>Az ejtett der\u00e9k l\u00e1gyan simul a term\u00e9szetes der\u00e9kvonal al\u00e1, mik\u00f6zben eleg\u00e1ns vagy \u00e9pp j\u00e1t\u00e9kosan telt szokny\u00e1ban folytat\u00f3dik. A baszk der\u00e9k ezzel szemben hat\u00e1rozottabb kont\u00fart rajzol, gy\u00f6ny\u00f6r\u0171en kiemelve a n\u0151ies form\u00e1kat.<\/p>\n<!-- \/wp:paragraph -->\n\n<!-- wp:paragraph -->\n<p>Nem v\u00e9letlen\u00fcl v\u00e1ltak \u00fajra kedvencc\u00e9 ezek a klasszikus fazonok, hiszen a \u201eromantikus szab\u00e1svonalak\u201d k\u00f6z\u00e9 tartoznak: a korabeli filmek \u00e9s sorozatok jelent\u0151s szerepet j\u00e1tszanak abban, hogy \u00fajra felfedezt\u00fck a r\u00e9gm\u00faltb\u00f3l mer\u00edtett eleganci\u00e1t, amely t\u00f6k\u00e9letes inspir\u00e1ci\u00f3 lehet a Nagy Napra.<\/p>\n<!-- \/wp:paragraph -->\n\n<!-- wp:image {\"id\":3627,\"sizeSlug\":\"large\",\"linkDestination\":\"none\"} -->\n<figure class=\"wp-block-image size-large\"><img src=\"https:\/\/letilkuria.hu\/wp-content\/uploads\/4-6800db1a65268-1024x576.webp\" alt=\"\" class=\"wp-image-3627\"\/><\/figure>\n<!-- \/wp:image -->\n\n<!-- wp:heading -->\n<h2 class=\"wp-block-heading\" id=\"lagy-pasztellek-es-finom-femes-ragyogas\"><strong>L\u00e1gy pasztellek \u00e9s finom f\u00e9mes ragyog\u00e1s<\/strong><\/h2>\n<!-- \/wp:heading -->\n\n<!-- wp:paragraph -->\n<p>A hagyom\u00e1nyos feh\u00e9r \u00e9s elef\u00e1ntcsont \u00e1rnyalatok term\u00e9szetesen mindig id\u0151tlen klasszikusok maradnak, m\u00e9gis egyre t\u00f6bb menyasszony v\u00e1laszt l\u00e1gyabb, pasztelles t\u00f3nusokat, p\u00e9ld\u00e1ul p\u00faderr\u00f3zsasz\u00ednt, levendul\u00e1t vagy halv\u00e1nyk\u00e9ket az esk\u00fcv\u0151i ruh\u00e1j\u00e1hoz. 2025 k\u00fcl\u00f6nleges \u00fajdons\u00e1gai pedig a finom, visszafogott f\u00e9msz\u00ednek lesznek, amelyek eleg\u00e1nsan csillognak, \u00e9s gy\u00f6ny\u00f6r\u0171en mutatnak a fot\u00f3kon is.<\/p>\n<!-- \/wp:paragraph -->\n\n<!-- wp:paragraph -->\n<p>Ezek az \u00e1rnyalatok frissess\u00e9get \u00e9s modern lend\u00fcletet adnak a menyasszonyi megjelen\u00e9snek, t\u00f6k\u00e9letesen meg\u00f6r\u00f6k\u00edthet\u0151ek fot\u00f3kon, \u00e9s \u00e9ppen azt az egyens\u00falyt teremtik meg a hagyom\u00e1ny \u00e9s \u00faj\u00edt\u00e1s, valamint az elegancia \u00e9s kalandv\u00e1gy k\u00f6z\u00f6tt, amit a modern menyasszonyok igaz\u00e1n keresnek.<\/p>\n<!-- \/wp:paragraph -->\n\n<!-- wp:image {\"id\":3628,\"sizeSlug\":\"large\",\"linkDestination\":\"none\"} -->\n<figure class=\"wp-block-image size-large\"><img src=\"https:\/\/letilkuria.hu\/wp-content\/uploads\/5-6800db1d88c31-1024x576.webp\" alt=\"\" class=\"wp-image-3628\"\/><\/figure>\n<!-- \/wp:image -->\n\n<!-- wp:heading -->\n<h2 class=\"wp-block-heading\" id=\"vintage-stilusu-ferfidivat-klasszikus-elegancia-uj-kontosben\"><strong>Vintage st\u00edlus\u00fa f\u00e9rfidivat \u2013 klasszikus elegancia \u00faj k\u00f6nt\u00f6sben<\/strong><\/h2>\n<!-- \/wp:heading -->\n\n<!-- wp:paragraph -->\n<p>A f\u00e9rfiak esk\u00fcv\u0151i \u00f6lt\u00f6z\u00e9ke 2025-ben b\u00e1tran kil\u00e9p a hagyom\u00e1nyos fekete \u00f6lt\u00f6ny\u00f6k vil\u00e1g\u00e1b\u00f3l, \u00e9s j\u00e1t\u00e9kosan id\u00e9zi fel a vintage divatot. Sz\u00e9les hajt\u00f3k\u00e1k, mer\u00e9sz szab\u00e1svonalak, izgalmas nyakkend\u0151k \u00e9s figyelemfelkelt\u0151 kieg\u00e9sz\u00edt\u0151k \u2013 p\u00e9ld\u00e1ul retro szem\u00fcvegek vagy egy-egy k\u00fcl\u00f6nleges, eml\u00e9kezetes csokornyakkend\u0151 \u2013 domin\u00e1lnak majd. Ezek a st\u00edlusos r\u00e9szletek egyszerre sug\u00e1roznak er\u0151teljes eleganci\u00e1t \u00e9s j\u00e1t\u00e9kos mer\u00e9szs\u00e9get, t\u00f6k\u00e9letesen kifejezve a modern v\u0151leg\u00e9ny szem\u00e9lyis\u00e9g\u00e9t.<\/p>\n<!-- \/wp:paragraph -->\n\n<!-- wp:image {\"id\":3629,\"sizeSlug\":\"large\",\"linkDestination\":\"none\"} -->\n<figure class=\"wp-block-image size-large\"><img src=\"https:\/\/letilkuria.hu\/wp-content\/uploads\/6-6800db1e09683-1024x576.webp\" alt=\"\" class=\"wp-image-3629\"\/><\/figure>\n<!-- \/wp:image -->\n\n<!-- wp:heading -->\n<h2 class=\"wp-block-heading\" id=\"maximalista-ferfiruha\"><strong>\u201eMaximalista\u201d f\u00e9rfiruha<\/strong><\/h2>\n<!-- \/wp:heading -->\n\n<!-- wp:paragraph -->\n<p>2025-ben az esk\u00fcv\u0151i f\u00e9rfidivat a maximalista ir\u00e1ny fel\u00e9 halad: form\u00e1lisabb, pazarabb \u00e9s mer\u00e9szebb lesz, mint eddig b\u00e1rmikor. Egyre t\u00f6bben v\u00e1lasztanak majd egyedi, k\u00fcl\u00f6nleges sz\u00edneket \u2013 p\u00e9ld\u00e1ul kr\u00e9msz\u00ednt, p\u00faderes \u00e1rnyalatokat, vagy ak\u00e1r m\u00e9ly t\u00f3nus\u00fa k\u00e9keket \u00e9s z\u00f6ldeket \u2013, amelyek garant\u00e1ltan eml\u00e9kezetess\u00e9 teszik a megjelen\u00e9st. A text\u00far\u00e1k ter\u00e9n is l\u00e1tv\u00e1nyos lesz a v\u00e1ltoz\u00e1s: a tweed, b\u00e1rsony vagy m\u00e1s gazdag text\u00far\u00e1j\u00fa anyagok mellett a kifinomult szab\u00e1s \u00e9s a r\u00e9szletekre val\u00f3 odafigyel\u00e9s hat\u00e1rozza majd meg a 2025-\u00f6s f\u00e9rfiruha-trendeket.<\/p>\n<!-- \/wp:paragraph -->\n\n<!-- wp:image {\"id\":3630,\"sizeSlug\":\"large\",\"linkDestination\":\"none\"} -->\n<figure class=\"wp-block-image size-large\"><img src=\"https:\/\/letilkuria.hu\/wp-content\/uploads\/7-6800db2080b99-1024x576.webp\" alt=\"\" class=\"wp-image-3630\"\/><\/figure>\n<!-- \/wp:image -->\n\n<!-- wp:heading -->\n<h2 class=\"wp-block-heading\" id=\"szogletes-nyakkivagas\"><strong>Sz\u00f6gletes nyakkiv\u00e1g\u00e1s<\/strong><\/h2>\n<!-- \/wp:heading -->\n\n<!-- wp:paragraph -->\n<p>A sz\u00f6gletes nyakkiv\u00e1g\u00e1s az esk\u00fcv\u0151i ruh\u00e1k egyik legn\u00e9pszer\u0171bb st\u00edluseleme lesz 2025-ben, k\u00f6sz\u00f6nhet\u0151en modern, m\u00e9gis id\u0151tlen karakter\u00e9nek. Ez a letisztult vonalvezet\u00e9s struktur\u00e1lt, eleg\u00e1ns megjelen\u00e9st k\u00f6lcs\u00f6n\u00f6z, mik\u00f6zben finoman kiemeli a n\u0151ies vonalakat, k\u00fcl\u00f6n\u00f6sen a nyakat, v\u00e1llakat \u00e9s a kulcscsont vonal\u00e1t. A menyasszonyok nemcsak az\u00e9rt im\u00e1dj\u00e1k, mert szinte b\u00e1rmilyen anyaggal remek\u00fcl mutat \u2013 legyen sz\u00f3 minimalista szat\u00e9nr\u00f3l vagy gazdag h\u00edmz\u00e9sekkel d\u00edsz\u00edtett csipk\u00e9r\u0151l \u2013, hanem mert egyszerre k\u00e9pes modern \u00e9s klasszikus hat\u00e1st kelteni.<\/p>\n<!-- \/wp:paragraph -->\n\n<!-- wp:image {\"id\":3631,\"sizeSlug\":\"large\",\"linkDestination\":\"none\"} -->\n<figure class=\"wp-block-image size-large\"><img src=\"https:\/\/letilkuria.hu\/wp-content\/uploads\/8-6800db2117348-1024x576.webp\" alt=\"\" class=\"wp-image-3631\"\/><\/figure>\n<!-- \/wp:image -->\n\n<!-- wp:heading -->\n<h2 class=\"wp-block-heading\" id=\"felslicceles-mereszseg-es-dinamizmus\"><strong>Felsliccel\u00e9s: mer\u00e9szs\u00e9g \u00e9s dinamizmus&nbsp;<\/strong><\/h2>\n<!-- \/wp:heading -->\n\n<!-- wp:paragraph -->\n<p>A felsliccelt menyasszonyi ruh\u00e1k t\u00f6k\u00e9letes v\u00e1laszt\u00e1st jelentenek azok sz\u00e1m\u00e1ra, akik egy kis mer\u00e9szs\u00e9ggel szeretn\u00e9k feldobni a Nagy Napjukat. Ezek a ruh\u00e1k dr\u00e1mai hat\u00e1st keltenek, hiszen mozg\u00e1st, \u00e1raml\u00e1st \u00e9s l\u00e9gies k\u00f6nnyeds\u00e9get adnak a ruh\u00e1nak, k\u00fcl\u00f6n\u00f6sen a t\u00e1ncparketten vagy fot\u00f3z\u00e1s k\u00f6zben. R\u00e1ad\u00e1sul kiv\u00e1l\u00f3 lehet\u0151s\u00e9get ny\u00fajtanak arra, hogy megmutasd kedvenc, k\u00fcl\u00f6nleges cip\u0151det is. Legyen sz\u00f3 combk\u00f6z\u00e9pig \u00e9r\u0151 vagy visszafogottabb has\u00edt\u00e9kr\u00f3l, ez a st\u00edlus biztosan felt\u0171n\u00e9st kelt majd az esk\u00fcv\u0151n, mik\u00f6zben n\u0151ies, divatos \u00e9s eml\u00e9kezetes megjelen\u00e9st biztos\u00edt.<\/p>\n<!-- \/wp:paragraph -->\n\n<!-- wp:heading -->\n<h2 class=\"wp-block-heading\" id=\"talald-meg-onmagad\"><strong>Tal\u00e1ld meg \u00f6nmagad!<\/strong><\/h2>\n<!-- \/wp:heading -->\n\n<!-- wp:paragraph -->\n<p>Id\u0151tlen st\u00edlus vagy modern mer\u00e9szs\u00e9g, finom r\u00e9szletek vagy extravag\u00e1ns megold\u00e1sok? Id\u00e9n mindennek helye van, ami a te egy\u00e9nis\u00e9gedet t\u00fckr\u00f6zi!&nbsp;<\/p>\n<!-- \/wp:paragraph -->\n\n<!-- wp:paragraph -->\n<p>Ha szeretn\u00e9l konkr\u00e9t seg\u00edts\u00e9get, inspir\u00e1ci\u00f3t vagy szakmai t\u00e1mogat\u00e1st ahhoz, hogy mindezt \u00e9letre keltsd, a Le Til K\u00faria csapata \u00f6r\u00f6mmel \u00e1ll rendelkez\u00e9sedre, hogy az \u00e1lomb\u00f3l val\u00f3s\u00e1g legyen!<\/p>\n<!-- \/wp:paragraph -->\n\n<!-- wp:paragraph -->\n<p>*Minden felhaszn\u00e1lt fot\u00f3 Feyer Photography tulajdon\u00e1t k\u00e9pezi.<\/p>\n<!-- \/wp:paragraph -->","_et_gb_content_width":"","footnotes":""},"categories":[1],"tags":[],"class_list":["post-3622","post","type-post","status-publish","format-standard","has-post-thumbnail","hentry","category-uncategorized-hu"],"_links":{"self":[{"href":"https:\/\/letilkuria.hu\/en\/wp-json\/wp\/v2\/posts\/3622","targetHints":{"allow":["GET"]}}],"collection":[{"href":"https:\/\/letilkuria.hu\/en\/wp-json\/wp\/v2\/posts"}],"about":[{"href":"https:\/\/letilkuria.hu\/en\/wp-json\/wp\/v2\/types\/post"}],"author":[{"embeddable":true,"href":"https:\/\/letilkuria.hu\/en\/wp-json\/wp\/v2\/users\/1"}],"replies":[{"embeddable":true,"href":"https:\/\/letilkuria.hu\/en\/wp-json\/wp\/v2\/comments?post=3622"}],"version-history":[{"count":0,"href":"https:\/\/letilkuria.hu\/en\/wp-json\/wp\/v2\/posts\/3622\/revisions"}],"wp:featuredmedia":[{"embeddable":true,"href":"https:\/\/letilkuria.hu\/en\/wp-json\/wp\/v2\/media\/3632"}],"wp:attachment":[{"href":"https:\/\/letilkuria.hu\/en\/wp-json\/wp\/v2\/media?parent=3622"}],"wp:term":[{"taxonomy":"category","embeddable":true,"href":"https:\/\/letilkuria.hu\/en\/wp-json\/wp\/v2\/categories?post=3622"},{"taxonomy":"post_tag","embeddable":true,"href":"https:\/\/letilkuria.hu\/en\/wp-json\/wp\/v2\/tags?post=3622"}],"curies":[{"name":"wp","href":"https:\/\/api.w.org\/{rel}","templated":true}]}}