{"id":3380,"date":"2025-03-13T09:18:42","date_gmt":"2025-03-13T09:18:42","guid":{"rendered":"https:\/\/letilkuria.hu\/?p=3380"},"modified":"2025-04-03T07:01:48","modified_gmt":"2025-04-03T07:01:48","slug":"miert-tokeletes-a-tavaszi-eskuvo","status":"publish","type":"post","link":"https:\/\/letilkuria.hu\/en\/miert-tokeletes-a-tavaszi-eskuvo\/","title":{"rendered":"5+1 ok, ami\u00e9rt t\u00f6k\u00e9letes a tavaszi esk\u00fcv\u0151"},"content":{"rendered":"\n[et_pb_section fb_built=&#8221;1&#8243; _builder_version=&#8221;4.27.4&#8243; custom_margin=&#8221;0px|0px|0px|0px|false|false&#8221; custom_padding=&#8221;0px|0px|0px|0px|false|false&#8221; global_colors_info=&#8221;{}&#8221; theme_builder_area=&#8221;post_content&#8221;][et_pb_row _builder_version=&#8221;4.16&#8243; background_size=&#8221;initial&#8221; background_position=&#8221;top_left&#8221; background_repeat=&#8221;repeat&#8221; global_colors_info=&#8221;{}&#8221; theme_builder_area=&#8221;post_content&#8221;][et_pb_column type=&#8221;4_4&#8243; _builder_version=&#8221;4.16&#8243; custom_padding=&#8221;|||&#8221; global_colors_info=&#8221;{}&#8221; custom_padding__hover=&#8221;|||&#8221; theme_builder_area=&#8221;post_content&#8221;][et_pb_text _builder_version=&#8221;4.27.4&#8243; background_size=&#8221;initial&#8221; background_position=&#8221;top_left&#8221; background_repeat=&#8221;repeat&#8221; hover_enabled=&#8221;0&#8243; global_colors_info=&#8221;{}&#8221; theme_builder_area=&#8221;post_content&#8221; sticky_enabled=&#8221;0&#8243;]<p><!-- divi:heading {\"level\":4} --><\/p>\n<p class=\"wp-block-heading\" style=\"text-align: justify;\"><span style=\"color: #333333;\">Sokan a tavaszt a meg\u00fajul\u00e1s \u00e9vszak\u00e1nak tartj\u00e1k, hiszen ilyenkor a term\u00e9szet \u00e9letre kel, a f\u00e1k friss z\u00f6ldbe \u00f6lt\u00f6znek, a vir\u00e1gok kibontj\u00e1k szirmaikat, \u00e9s minden \u00fajj\u00e1sz\u00fcletik. A hossz\u00fa, hideg t\u00e9l ut\u00e1n a tavasz rem\u00e9nyt, frissess\u00e9get \u00e9s \u00faj kezdetet hoz \u2013 pont \u00fagy, ahogyan egy h\u00e1zass\u00e1g is egy \u00faj fejezetet nyit a p\u00e1rok \u00e9let\u00e9ben. Ez\u00e9rt is lehet a tavaszi esk\u00fcv\u0151 az egyik legjobb v\u00e1laszt\u00e1s.<\/span><\/p>\n<p class=\"wp-block-heading\" style=\"text-align: justify;\"><span style=\"color: #333333;\"><\/span><\/p>\n<h4 class=\"wp-block-heading\" id=\"t\" style=\"text-align: justify;\"><span style=\"color: #333333;\">TARTALOMJEGYZ\u00c9K<\/span><\/h4>\n<p style=\"text-align: justify;\"><span style=\"color: #333333;\"><!-- \/divi:heading --><\/span><\/p>\n<p style=\"text-align: justify;\"><span style=\"color: #333333;\"><!-- divi:rank-math\/toc-block {\"title\":\"\",\"headings\":[{\"key\":\"badf124e-d4fe-4157-aa93-13e1f63aa24c\",\"content\":\"TARTALOMJEGYZ\u00c9K\",\"level\":4,\"link\":\"#t\",\"disable\":true,\"isUpdated\":false,\"isGeneratedLink\":true},{\"key\":\"5b67f809-77b8-4243-8b68-9ff9acd9249e\",\"content\":\"1. A tavaszi esk\u00fcv\u0151 az \u00faj kezdetet szimboliz\u00e1lja\",\"level\":4,\"link\":\"#1-a-tavaszi-eskuvo-az-uj-kezdetet-szimbolizalja\",\"disable\":false,\"isUpdated\":false,\"isGeneratedLink\":true},{\"key\":\"01a121c6-b322-4bf1-b6e3-2eebc22e6a1e\",\"content\":\"2. A term\u00e9szet vir\u00e1gba borul\",\"level\":4,\"link\":\"#2-a-termeszet-viragba-borul\",\"disable\":false,\"isUpdated\":false,\"isGeneratedLink\":true},{\"key\":\"a0688c8d-656e-42db-9321-427751d7ef79\",\"content\":\"3. Mes\u00e9s sz\u00ednek \u00e9s dekor lehet\u0151s\u00e9gek\",\"level\":4,\"link\":\"#3-meses-szinek-es-dekor-lehetosegek\",\"disable\":false,\"isUpdated\":false,\"isGeneratedLink\":true},{\"key\":\"1106ec7c-5246-4a25-8810-838c55a1f84b\",\"content\":\"4. Kellemesebb, enyh\u00e9bb id\u0151j\u00e1r\u00e1si k\u00f6r\u00fclm\u00e9nyek\",\"level\":4,\"link\":\"#4-kellemesebb-enyhebb-idojarasi-korulmenyek\",\"disable\":false,\"isUpdated\":false,\"isGeneratedLink\":true},{\"key\":\"6b18166e-3a5e-41e6-ae77-b90662c52e9c\",\"content\":\"5. Kevesebb verseny a helysz\u00ednek\u00e9rt\",\"level\":4,\"link\":\"#5-kevesebb-verseny-a-helyszinekert\",\"disable\":false,\"isUpdated\":false,\"isGeneratedLink\":true},{\"key\":\"3db6d50b-a1a1-4cc8-86bf-52dc4778302d\",\"content\":\"+1. Val\u00f3sz\u00edn\u0171leg jobban r\u00e1\u00e9rnek vend\u00e9geitek\",\"level\":4,\"link\":\"#1-valoszinuleg-jobban-raernek-vendegeitek\",\"disable\":false,\"isUpdated\":false,\"isGeneratedLink\":true},{\"key\":\"794083d6-9cc5-4d8a-8b31-4afc051ea0d5\",\"content\":\"\u00d6sszegz\u00e9s\",\"level\":4,\"link\":\"#osszegzes\",\"disable\":false,\"isUpdated\":false,\"isGeneratedLink\":true}],\"listStyle\":\"ul\"} --><\/span><\/p>\n<div class=\"wp-block-rank-math-toc-block\" id=\"rank-math-toc\" style=\"text-align: justify;\">\n<nav>\n<ul>\n<li class=\"\"><span style=\"color: #333333;\"><a href=\"#1-a-tavaszi-eskuvo-az-uj-kezdetet-szimbolizalja\" style=\"color: #333333;\">1. A tavaszi esk\u00fcv\u0151 az \u00faj kezdetet szimboliz\u00e1lja<\/a><\/span><\/li>\n<li class=\"\"><span style=\"color: #333333;\"><a href=\"#2-a-termeszet-viragba-borul\" style=\"color: #333333;\">2. A term\u00e9szet vir\u00e1gba borul<\/a><\/span><\/li>\n<li class=\"\"><span style=\"color: #333333;\"><a href=\"#3-meses-szinek-es-dekor-lehetosegek\" style=\"color: #333333;\">3. Mes\u00e9s sz\u00ednek \u00e9s dekor lehet\u0151s\u00e9gek<\/a><\/span><\/li>\n<li class=\"\"><span style=\"color: #333333;\"><a href=\"#4-kellemesebb-enyhebb-idojarasi-korulmenyek\" style=\"color: #333333;\">4. Kellemesebb, enyh\u00e9bb id\u0151j\u00e1r\u00e1si k\u00f6r\u00fclm\u00e9nyek<\/a><\/span><\/li>\n<li class=\"\"><span style=\"color: #333333;\"><a href=\"#5-kevesebb-verseny-a-helyszinekert\" style=\"color: #333333;\">5. Kevesebb verseny a helysz\u00ednek\u00e9rt<\/a><\/span><\/li>\n<li class=\"\"><span style=\"color: #333333;\"><a href=\"#1-valoszinuleg-jobban-raernek-vendegeitek\" style=\"color: #333333;\">+1. Val\u00f3sz\u00edn\u0171leg jobban r\u00e1\u00e9rnek vend\u00e9geitek<\/a><\/span><\/li>\n<li class=\"\"><span style=\"color: #333333;\"><a href=\"#osszegzes\" style=\"color: #333333;\">\u00d6sszegz\u00e9s<\/a><\/span><\/li>\n<\/ul>\n<\/nav>\n<\/div>\n<p style=\"text-align: justify;\"><span style=\"color: #333333;\"><!-- \/divi:rank-math\/toc-block --><\/span><\/p>\n<p style=\"text-align: justify;\"><span style=\"color: #333333;\"><!-- divi:paragraph -->Sokan a tavaszt a meg\u00fajul\u00e1s \u00e9vszak\u00e1nak tartj\u00e1k, hiszen ilyenkor a term\u00e9szet \u00e9letre kel, a f\u00e1k friss z\u00f6ldbe \u00f6lt\u00f6znek, a vir\u00e1gok kibontj\u00e1k szirmaikat, \u00e9s minden \u00fajj\u00e1sz\u00fcletik. A hossz\u00fa, hideg t\u00e9l ut\u00e1n a tavasz rem\u00e9nyt, frissess\u00e9get \u00e9s \u00faj kezdetet hoz \u2013 pont \u00fagy, ahogyan egy h\u00e1zass\u00e1g is egy \u00faj fejezetet nyit a p\u00e1rok \u00e9let\u00e9ben. Ez\u00e9rt is lehet a tavaszi esk\u00fcv\u0151 az egyik legjobb v\u00e1laszt\u00e1s.<\/span><\/p>\n<p style=\"text-align: justify;\"><span style=\"color: #333333;\"><!-- \/divi:paragraph --><\/span><\/p>\n<p style=\"text-align: justify;\"><span style=\"color: #333333;\"><!-- divi:paragraph -->Egy esk\u00fcv\u0151 mindig hatalmas fordul\u00f3pont, amely tele van izgalommal, \u00e9rzelmekkel \u00e9s v\u00e1rakoz\u00e1ssal. A tavasz szimbolik\u00e1ja ezt az \u00e9lm\u00e9nyt m\u00e9g ink\u00e1bb fokozhatja: a n\u00f6veked\u00e9s, a v\u00e1ltoz\u00e1s \u00e9s az \u00e9let\u00f6r\u00f6m \u00e9vszaka t\u00f6k\u00e9letesen harmoniz\u00e1l az esk\u00fcv\u0151 jelent\u0151s\u00e9g\u00e9vel. De pontosan milyen el\u0151ny\u00f6kkel j\u00e1r, ha ezt az id\u0151szakot v\u00e1lasztj\u00e1tok? Most indul\u00f3 blogsorozatunkban elhoztuk nektek az okokat. N\u00e9zz\u00fck is meg jobban ezeket!<\/span><\/p>\n<p style=\"text-align: justify;\"><span style=\"color: #333333;\"><\/span><\/p>\n<p style=\"text-align: justify;\"><span style=\"color: #333333;\"><!-- \/divi:paragraph --><\/span><\/p>\n<p style=\"text-align: justify;\"><span style=\"color: #333333;\"><!-- divi:image {\"id\":3381,\"sizeSlug\":\"large\",\"linkDestination\":\"none\"} --><\/span><\/p>\n<figure class=\"wp-block-image size-large\" style=\"text-align: justify;\"><img decoding=\"async\" src=\"https:\/\/letilkuria.hu\/wp-content\/uploads\/2.png\" alt=\"\" class=\"wp-image-3381\" title=\"\"><\/figure>\n<p style=\"text-align: justify;\"><span style=\"color: #333333;\"><!-- \/divi:paragraph --><\/span><\/p>\n<p style=\"text-align: justify;\"><span style=\"color: #333333;\"><!-- divi:heading {\"level\":4} --><\/span><\/p>\n<h4 class=\"wp-block-heading\" style=\"text-align: justify;\"><span style=\"color: #333333;\"><\/span><\/h4>\n<h4 class=\"wp-block-heading\" id=\"1-a-tavaszi-eskuvo-az-uj-kezdetet-szimbolizalja\" style=\"text-align: justify;\"><span style=\"color: #333333;\">1. A tavaszi esk\u00fcv\u0151 az \u00faj kezdetet szimboliz\u00e1lja<\/span><\/h4>\n<p style=\"text-align: justify;\"><span style=\"color: #333333;\"><!-- \/divi:paragraph --><\/span><\/p>\n<p style=\"text-align: justify;\"><span style=\"color: #333333;\"><!-- divi:paragraph -->Ahogyan azt m\u00e1r kor\u00e1bban eml\u00edtett\u00fck, a tavasz a meg\u00fajul\u00e1s \u00e9s az \u00fajrakezd\u00e9s id\u0151szaka. A term\u00e9szet ilyenkor \u00fajra megtelik \u00e9lettel, ami gy\u00f6ny\u00f6r\u0171 metafor\u00e1ja lehet egy friss h\u00e1zass\u00e1gnak. Ahogy a term\u00e9szet fel\u00e9led, a f\u00e1k kiz\u00f6ld\u00fclnek, a vir\u00e1gok kiny\u00edlnak, \u00e9s minden friss lend\u00fcletet kap, \u00fagy a ti szerelmetek is \u00faj szintre emelkedhet ebben az inspir\u00e1l\u00f3 \u00e9vszakban. Ha szeretn\u00e9tek, hogy esk\u00fcv\u0151t\u00f6k romantikus \u00e9s k\u00fcl\u00f6nleges legyen, akkor a tavasz a t\u00f6k\u00e9letes v\u00e1laszt\u00e1s!\u00a0<\/span><span style=\"color: #333333;\"><!-- \/divi:paragraph --><\/span><\/p>\n<p style=\"text-align: justify;\"><span style=\"color: #333333;\"><!-- \/divi:paragraph --><\/span><\/p>\n<p style=\"text-align: justify;\"><span style=\"color: #333333;\"><!-- divi:image {\"id\":3383,\"sizeSlug\":\"large\",\"linkDestination\":\"none\"} --><\/span><\/p>\n<p style=\"text-align: justify;\"><span style=\"color: #333333;\"><\/span><\/p>\n<figure class=\"wp-block-image size-large\" style=\"text-align: justify;\"><img decoding=\"async\" src=\"https:\/\/letilkuria.hu\/wp-content\/uploads\/3.png\" alt=\"\" class=\"wp-image-3383\" title=\"\"><span style=\"color: #333333;\"><!-- \/divi:paragraph --><\/span><\/figure>\n<p style=\"text-align: justify;\"><span style=\"color: #333333;\"><!-- \/divi:image --><\/span><\/p>\n<p style=\"text-align: justify;\"><span style=\"color: #333333;\"><!-- divi:heading {\"level\":4} --><\/span><\/p>\n<h4 class=\"wp-block-heading\" style=\"text-align: justify;\"><span style=\"color: #333333;\"><\/span><\/h4>\n<h4 class=\"wp-block-heading\" id=\"2-a-termeszet-viragba-borul\" style=\"text-align: justify;\"><span style=\"color: #333333;\">2. A term\u00e9szet vir\u00e1gba borul<\/span><\/h4>\n<p style=\"text-align: justify;\"><span style=\"color: #333333;\"><!-- \/divi:heading --><\/span><\/p>\n<p style=\"text-align: justify;\"><span style=\"color: #333333;\"><!-- divi:paragraph -->\u00a0<\/span><span style=\"color: #333333;\"><!-- divi:paragraph -->A tavaszi esk\u00fcv\u0151k egyik legnagyobb el\u0151nye, hogy ilyenkor a vir\u00e1gok a legszebb pomp\u00e1jukban ragyognak. A frissen ny\u00edl\u00f3 tulip\u00e1nok, n\u00e1rciszok, bazsar\u00f3zs\u00e1k \u00e9s egy\u00e9b szezon\u00e1lis n\u00f6v\u00e9nyek t\u00f6k\u00e9letesek lehet esk\u00fcv\u0151t\u00f6kh\u00f6z, hiszen a d\u00edszletet maga a term\u00e9szet biztos\u00edtja, mindezt csod\u00e1latos sz\u00ednekkel \u00e9s illatokkal. R\u00e1ad\u00e1sul, a friss, szezon\u00e1lis vir\u00e1gok nemcsak eszt\u00e9tikailag emelik az esk\u00fcv\u0151 hangulat\u00e1t, de k\u00f6lts\u00e9ghat\u00e9konyabbak is lehetnek. Kell enn\u00e9l t\u00f6bb?<\/span><\/p>\n<p style=\"text-align: justify;\"><span style=\"color: #333333;\"><\/span><\/p>\n<p style=\"text-align: justify;\"><span style=\"color: #333333;\"><!-- \/divi:paragraph --><\/span><\/p>\n<p style=\"text-align: justify;\"><span style=\"color: #333333;\"><!-- divi:image {\"id\":3384,\"sizeSlug\":\"large\",\"linkDestination\":\"none\"} --><\/span><\/p>\n<figure class=\"wp-block-image size-large\" style=\"text-align: justify;\"><img decoding=\"async\" src=\"https:\/\/letilkuria.hu\/wp-content\/uploads\/4.png\" alt=\"\" class=\"wp-image-3384\" title=\"\"><\/figure>\n<p style=\"text-align: justify;\"><span style=\"color: #333333;\"><!-- \/divi:paragraph --><\/span><\/p>\n<p style=\"text-align: justify;\"><span style=\"color: #333333;\"><!-- divi:heading {\"level\":4} --><\/span><\/p>\n<h4 class=\"wp-block-heading\" style=\"text-align: justify;\"><span style=\"color: #333333;\"><\/span><\/h4>\n<h4 class=\"wp-block-heading\" id=\"3-meses-szinek-es-dekor-lehetosegek\" style=\"text-align: justify;\"><span style=\"color: #333333;\">3. Mes\u00e9s sz\u00ednek \u00e9s dekor lehet\u0151s\u00e9gek<\/span><span style=\"color: #333333;\"><!-- \/divi:heading --><\/span><\/h4>\n<p style=\"text-align: justify;\"><span style=\"color: #333333;\"><\/span><\/p>\n<p style=\"text-align: justify;\"><span style=\"color: #333333;\"><!-- \/divi:paragraph --><\/span><\/p>\n<p style=\"text-align: justify;\"><span style=\"color: #333333;\"><!-- divi:paragraph -->Ha m\u00e1r a vir\u00e1gokn\u00e1l tartunk, a tavaszi sz\u00ednek, \u00e9s az ezzel kapcsolatos palett\u00e1k messze a kedvenceink k\u00f6z\u00e9 tartoznak! A l\u00e1gy pasztellek, a finom \u00e1rnyalatok \u00e9s a buja z\u00f6ldek egy eleg\u00e1ns, m\u00e9gis friss hangulatot seg\u00edtenek kialak\u00edtani. Ak\u00e1r egy nagyszab\u00e1s\u00fa esk\u00fcv\u0151t terveztek, ak\u00e1r egy kis, meghitt \u00f6sszej\u00f6vetelt, a vil\u00e1gos \u00e9s gyeng\u00e9d tavaszi sz\u00ednek t\u00f6k\u00e9letesen illenek majd hozz\u00e1tok. A vir\u00e1gok mellett a term\u00e9szetes faelemek, l\u00e1gy text\u00edli\u00e1k \u00e9s romantikus f\u00e9nyf\u00fcz\u00e9rek is remek v\u00e1laszt\u00e1sok lehetnek.<\/span><span style=\"color: #333333;\"><\/span><\/p>\n<p style=\"text-align: justify;\"><span style=\"color: #333333;\"><\/span><\/p>\n<p style=\"text-align: justify;\"><span style=\"color: #333333;\"><!-- \/divi:paragraph --><\/span><\/p>\n<p style=\"text-align: justify;\"><span style=\"color: #333333;\"><!-- \/divi:paragraph --><\/span><\/p>\n<p style=\"text-align: justify;\"><span style=\"color: #333333;\"><!-- divi:image {\"id\":3385,\"sizeSlug\":\"large\",\"linkDestination\":\"none\"} --><\/span><\/p>\n<figure class=\"wp-block-image size-large\" style=\"text-align: justify;\"><img decoding=\"async\" src=\"https:\/\/letilkuria.hu\/wp-content\/uploads\/5.png\" alt=\"\" class=\"wp-image-3385\" title=\"\"><\/figure>\n<p style=\"text-align: justify;\"><span style=\"color: #333333;\"><!-- \/divi:image --><\/span><\/p>\n<p style=\"text-align: justify;\"><span style=\"color: #333333;\"><!-- \/divi:paragraph --><\/span><\/p>\n<p style=\"text-align: justify;\"><span style=\"color: #333333;\"><!-- divi:heading {\"level\":4} --><\/span><\/p>\n<h4 class=\"wp-block-heading\" id=\"4-kellemesebb-enyhebb-idojarasi-korulmenyek\" style=\"text-align: justify;\"><span style=\"color: #333333;\">4. Kellemesebb, enyh\u00e9bb id\u0151j\u00e1r\u00e1si k\u00f6r\u00fclm\u00e9nyek<\/span><\/h4>\n<p style=\"text-align: justify;\"><span style=\"color: #333333;\"><\/span><\/p>\n<p style=\"text-align: justify;\"><span style=\"color: #333333;\"><!-- \/divi:heading --><\/span><\/p>\n<p style=\"text-align: justify;\"><span style=\"color: #333333;\"><!-- \/divi:paragraph --><\/span><\/p>\n<p style=\"text-align: justify;\"><span style=\"color: #333333;\"><!-- divi:paragraph -->Az id\u0151j\u00e1r\u00e1s az egyik legfontosabb szempont, amikor egy esk\u00fcv\u0151 id\u0151pontj\u00e1t kiv\u00e1lasztj\u00e1tok. A t\u00e9l h\u0171v\u00f6ss\u00e9ge \u00e9s a ny\u00e1r h\u0151s\u00e9ge helyett a tavasz kellemes, enyhe h\u0151m\u00e9rs\u00e9kletet biztos\u00edt, amelyben Ti \u00e9s vend\u00e9geitek is komfortosan \u00e9rezhetitek magatokat. Tov\u00e1bb\u00e1, azt is kiv\u00e1laszthatj\u00e1tok, hogy kint, a szabad \u00e9g alatt mondj\u00e1tok ki a boldog\u00edt\u00f3 igent\u00a0, vagy pedig bent, de ak\u00e1r kombin\u00e1lhatj\u00e1tok is a kett\u0151t.\u00a0<\/span><\/p>\n<p style=\"text-align: justify;\"><span style=\"color: #333333;\"><!-- \/divi:paragraph --><\/span><\/p>\n<p style=\"text-align: justify;\"><span style=\"color: #333333;\"><!-- divi:paragraph -->FUN FACT: Ha eleredne az es\u0151, akkor sem kell agg\u00f3dnotok, ugyanis a babona szerint ez szerencs\u00e9t hozhat a k\u00e9s\u0151bbiekben. Egy azonban biztos: a <a href=\"https:\/\/letilkuria.hu\/eskuvo\/\" style=\"color: #333333;\">Le Til K\u00faria<\/a> eleg\u00e1ns bels\u0151 terei \u00e9s var\u00e1zslatos k\u00fclt\u00e9ri k\u00f6rnyezete minden helyzetben t\u00f6k\u00e9letes megold\u00e1s lehet sz\u00e1motokra.<\/span><\/p>\n<p style=\"text-align: justify;\"><span style=\"color: #333333;\"><\/span><\/p>\n<p style=\"text-align: justify;\"><span style=\"color: #333333;\"><!-- \/divi:paragraph --><\/span><\/p>\n<p style=\"text-align: justify;\"><span style=\"color: #333333;\"><!-- \/divi:paragraph --><\/span><\/p>\n<p style=\"text-align: justify;\"><span style=\"color: #333333;\"><!-- divi:image {\"id\":3386,\"sizeSlug\":\"large\",\"linkDestination\":\"none\"} --><\/span><\/p>\n<figure class=\"wp-block-image size-large\" style=\"text-align: justify;\"><img decoding=\"async\" src=\"https:\/\/letilkuria.hu\/wp-content\/uploads\/6.png\" alt=\"\" class=\"wp-image-3386\" title=\"\"><\/figure>\n<p style=\"text-align: justify;\"><span style=\"color: #333333;\"><!-- \/divi:image --><\/span><\/p>\n<p style=\"text-align: justify;\"><span style=\"color: #333333;\"><!-- \/divi:paragraph --><\/span><\/p>\n<p style=\"text-align: justify;\"><span style=\"color: #333333;\"><!-- divi:heading {\"level\":4} --><\/span><\/p>\n<h4 class=\"wp-block-heading\" id=\"5-kevesebb-verseny-a-helyszinekert\" style=\"text-align: justify;\"><span style=\"color: #333333;\">5. Kevesebb verseny a helysz\u00ednek\u00e9rt<\/span><\/h4>\n<p style=\"text-align: justify;\"><span style=\"color: #333333;\"><!-- \/divi:heading --><\/span><\/p>\n<p style=\"text-align: justify;\"><span style=\"color: #333333;\"><!-- \/divi:paragraph --><\/span><\/p>\n<p style=\"text-align: justify;\"><span style=\"color: #333333;\"><!-- divi:paragraph -->B\u00e1r a tavaszi esk\u00fcv\u0151k egyre n\u00e9pszer\u0171bbek, a ny\u00e1ri szezonhoz k\u00e9pest m\u00e9g mindig kisebb n\u00e9pszer\u0171s\u00e9gnek \u00f6rvendenek, ez\u00e9rt k\u00f6nnyebben megtal\u00e1lhatj\u00e1tok a sz\u00e1motokra ide\u00e1lis id\u0151pontot. A m\u00e1rciusi, \u00e1prilisi, illetve m\u00e1jusi h\u00f3napokra m\u00e9g rendszerint szokott szabad d\u00e1tum lenni, akkor is, ha r\u00f6vid id\u0151n bel\u00fcl esk\u00fcdn\u00e9tek.\u00a0<\/span><\/p>\n<p style=\"text-align: justify;\"><span style=\"color: #333333;\"><!-- \/divi:paragraph --><\/span><\/p>\n<p style=\"text-align: justify;\"><span style=\"color: #333333;\"><!-- divi:paragraph -->Amennyiben tavaszi romantik\u00e1t szeretn\u00e9tek \u00e9s egy k\u00fcl\u00f6nleges helysz\u00ednt kerestek, ahol az \u00e1lomesk\u00fcv\u0151 val\u00f3s\u00e1gg\u00e1 v\u00e1lik, akkor vegy\u00e9tek fel vel\u00fcnk a kapcsolatot! M\u00e9g van egy p\u00e1r szabad id\u0151pontunk 2025 tavasz\u00e1ra, most \u00f3ri\u00e1si kedvezm\u00e9nnyel. Tov\u00e1bbi inform\u00e1ci\u00f3\u00e9rt l\u00e9pj vel\u00fcnk kapcsolatba <a href=\"https:\/\/letilkuria.hu\/\" style=\"color: #333333;\">ITT<\/a>!<\/span><\/p>\n<p style=\"text-align: justify;\"><span style=\"color: #333333;\"><!-- \/divi:paragraph --><\/span><\/p>\n<p style=\"text-align: justify;\"><span style=\"color: #333333;\"><!-- divi:image {\"id\":3387,\"sizeSlug\":\"large\",\"linkDestination\":\"none\"} --><\/span><\/p>\n<figure class=\"wp-block-image size-large\" style=\"text-align: justify;\"><img decoding=\"async\" src=\"https:\/\/letilkuria.hu\/wp-content\/uploads\/7.png\" alt=\"\" class=\"wp-image-3387\" title=\"\"><\/figure>\n<p style=\"text-align: justify;\"><span style=\"color: #333333;\"><!-- \/divi:paragraph --><\/span><\/p>\n<p style=\"text-align: justify;\"><span style=\"color: #333333;\"><!-- divi:heading {\"level\":4} --><\/span><\/p>\n<h4 class=\"wp-block-heading\" id=\"1-valoszinuleg-jobban-raernek-vendegeitek\" style=\"text-align: justify;\"><span style=\"color: #333333;\">+1. Val\u00f3sz\u00edn\u0171leg jobban r\u00e1\u00e9rnek vend\u00e9geitek<\/span><\/h4>\n<p style=\"text-align: justify;\"><span style=\"color: #333333;\"><!-- \/divi:heading --><\/span><\/p>\n<p style=\"text-align: justify;\"><span style=\"color: #333333;\"><!-- \/divi:paragraph --><\/span><\/p>\n<p style=\"text-align: justify;\"><span style=\"color: #333333;\"><!-- divi:paragraph -->A ny\u00e1ri esk\u00fcv\u0151k egyik nagy kih\u00edv\u00e1sa, hogy sok vend\u00e9g m\u00e1r el\u0151re betervezett nyaral\u00e1sokkal, csal\u00e1di programokkal sz\u00e1mol, \u00edgy nehezebb biztos\u00edtani, hogy mindenki r\u00e9szt tudjon venni a nagy napon. A tavaszi esk\u00fcv\u0151 ebb\u0151l a szempontb\u00f3l t\u00f6k\u00e9letes v\u00e1laszt\u00e1s! Amennyiben nagy n\u00e1szn\u00e9ppel terveztek, akkor mindenk\u00e9ppen \u00e9rdemes figyelembe venni ezt az aspektust is. Ha pedig sok k\u00fclf\u00f6ldr\u0151l \u00e9rkez\u0151 vend\u00e9get v\u00e1rtok, \u00e9rdemes kor\u00e1n t\u00e1j\u00e9koztatni \u0151ket, hogy id\u0151ben \u00e9s nyugodtan megtervezhess\u00e9k az utaz\u00e1sukat.<\/span><\/p>\n<p style=\"text-align: justify;\"><span style=\"color: #333333;\"><!-- \/divi:paragraph --><\/span><\/p>\n<p style=\"text-align: justify;\"><span style=\"color: #333333;\"><!-- \/divi:paragraph --><\/span><\/p>\n<p style=\"text-align: justify;\"><span style=\"color: #333333;\"><!-- divi:image {\"id\":3388,\"sizeSlug\":\"large\",\"linkDestination\":\"none\"} --><\/span><\/p>\n<figure class=\"wp-block-image size-large\" style=\"text-align: justify;\"><img decoding=\"async\" src=\"https:\/\/letilkuria.hu\/wp-content\/uploads\/8.png\" alt=\"\" class=\"wp-image-3388\" title=\"\"><\/figure>\n<p style=\"text-align: justify;\"><span style=\"color: #333333;\"><!-- \/divi:image --><\/span><\/p>\n<p style=\"text-align: justify;\"><span style=\"color: #333333;\"><!-- \/divi:paragraph --><\/span><\/p>\n<p style=\"text-align: justify;\"><span style=\"color: #333333;\"><!-- divi:heading {\"level\":4} --><\/span><\/p>\n<h4 class=\"wp-block-heading\" id=\"osszegzes\" style=\"text-align: justify;\"><span style=\"color: #333333;\">\u00d6sszegz\u00e9s<\/span><\/h4>\n<p style=\"text-align: justify;\"><span style=\"color: #333333;\"><!-- \/divi:heading --><\/span><\/p>\n<p style=\"text-align: justify;\"><span style=\"color: #333333;\"><!-- \/divi:paragraph --><\/span><\/p>\n<p style=\"text-align: justify;\"><span style=\"color: #333333;\"><!-- divi:paragraph -->A tavasz minden szempontb\u00f3l t\u00f6k\u00e9letes \u00e9vszak lehet az esk\u00fcv\u0151t\u00f6k sz\u00e1m\u00e1ra. A kellemes id\u0151j\u00e1r\u00e1s, a term\u00e9szet \u00e9bred\u00e9se \u00e9s a csod\u00e1latos dekor lehet\u0151s\u00e9gek mind azt biztos\u00edtj\u00e1k, hogy a nagy nap igaz\u00e1n felejthetetlen legyen. Ha szeretn\u00e9tek egy romantikus, idilli cerem\u00f3ni\u00e1t, amely a meg\u00fajul\u00e1s \u00e9s az \u00faj kezdetek jegy\u00e9ben telik, akkor ne k\u00e9slekedjetek! Keressetek benn\u00fcnket bizalommal, \u00e9s legyen ez az \u00e9vszak szerelmetek egyik legszebb id\u0151szaka!<\/span><\/p>\n<p style=\"text-align: justify;\"><span style=\"color: #333333;\"><!-- \/divi:paragraph --><\/span><\/p>\n<p style=\"text-align: justify;\"><span style=\"color: #333333;\"><!-- divi:paragraph --><em>*Minden felhaszn\u00e1lt fot\u00f3 Vamos Wedding Photography tulajdon\u00e1t k\u00e9pezi.<\/em><\/span><\/p>\n<p style=\"text-align: justify;\"><!-- \/divi:paragraph --><\/p>[\/et_pb_text][\/et_pb_column][\/et_pb_row][\/et_pb_section]\n","protected":false},"excerpt":{"rendered":"<p>A tavaszi esk\u00fcv\u0151 var\u00e1zsa a Le Til K\u00fari\u00e1ban, avagy mi\u00e9rt ez az egyik legjobb d\u00f6nt\u00e9s sz\u00e1motokra?<\/p>","protected":false},"author":1,"featured_media":3437,"comment_status":"open","ping_status":"open","sticky":false,"template":"","format":"standard","meta":{"_et_pb_use_builder":"on","_et_pb_old_content":"<!-- wp:heading {\"level\":4} -->\n<h4 class=\"wp-block-heading\" id=\"t\">TARTALOMJEGYZ\u00c9K<\/h4>\n<!-- \/wp:heading -->\n\n<!-- wp:rank-math\/toc-block {\"title\":\"\",\"headings\":[{\"key\":\"badf124e-d4fe-4157-aa93-13e1f63aa24c\",\"content\":\"TARTALOMJEGYZ\u00c9K\",\"level\":4,\"link\":\"#t\",\"disable\":true,\"isUpdated\":false,\"isGeneratedLink\":true},{\"key\":\"5b67f809-77b8-4243-8b68-9ff9acd9249e\",\"content\":\"1. A tavaszi esk\u00fcv\u0151 az \u00faj kezdetet szimboliz\u00e1lja\",\"level\":4,\"link\":\"#1-a-tavaszi-eskuvo-az-uj-kezdetet-szimbolizalja\",\"disable\":false,\"isUpdated\":false,\"isGeneratedLink\":true},{\"key\":\"01a121c6-b322-4bf1-b6e3-2eebc22e6a1e\",\"content\":\"2. A term\u00e9szet vir\u00e1gba borul\",\"level\":4,\"link\":\"#2-a-termeszet-viragba-borul\",\"disable\":false,\"isUpdated\":false,\"isGeneratedLink\":true},{\"key\":\"a0688c8d-656e-42db-9321-427751d7ef79\",\"content\":\"3. Mes\u00e9s sz\u00ednek \u00e9s dekor lehet\u0151s\u00e9gek\",\"level\":4,\"link\":\"#3-meses-szinek-es-dekor-lehetosegek\",\"disable\":false,\"isUpdated\":false,\"isGeneratedLink\":true},{\"key\":\"1106ec7c-5246-4a25-8810-838c55a1f84b\",\"content\":\"4. Kellemesebb, enyh\u00e9bb id\u0151j\u00e1r\u00e1si k\u00f6r\u00fclm\u00e9nyek\",\"level\":4,\"link\":\"#4-kellemesebb-enyhebb-idojarasi-korulmenyek\",\"disable\":false,\"isUpdated\":false,\"isGeneratedLink\":true},{\"key\":\"6b18166e-3a5e-41e6-ae77-b90662c52e9c\",\"content\":\"5. Kevesebb verseny a helysz\u00ednek\u00e9rt\",\"level\":4,\"link\":\"#5-kevesebb-verseny-a-helyszinekert\",\"disable\":false,\"isUpdated\":false,\"isGeneratedLink\":true},{\"key\":\"3db6d50b-a1a1-4cc8-86bf-52dc4778302d\",\"content\":\"+1. Val\u00f3sz\u00edn\u0171leg jobban r\u00e1\u00e9rnek vend\u00e9geitek\",\"level\":4,\"link\":\"#1-valoszinuleg-jobban-raernek-vendegeitek\",\"disable\":false,\"isUpdated\":false,\"isGeneratedLink\":true},{\"key\":\"794083d6-9cc5-4d8a-8b31-4afc051ea0d5\",\"content\":\"\u00d6sszegz\u00e9s\",\"level\":4,\"link\":\"#osszegzes\",\"disable\":false,\"isUpdated\":false,\"isGeneratedLink\":true}],\"listStyle\":\"ul\"} -->\n<div class=\"wp-block-rank-math-toc-block\" id=\"rank-math-toc\"><nav><ul><li class=\"\"><a href=\"#1-a-tavaszi-eskuvo-az-uj-kezdetet-szimbolizalja\">1. A tavaszi esk\u00fcv\u0151 az \u00faj kezdetet szimboliz\u00e1lja<\/a><\/li><li class=\"\"><a href=\"#2-a-termeszet-viragba-borul\">2. A term\u00e9szet vir\u00e1gba borul<\/a><\/li><li class=\"\"><a href=\"#3-meses-szinek-es-dekor-lehetosegek\">3. Mes\u00e9s sz\u00ednek \u00e9s dekor lehet\u0151s\u00e9gek<\/a><\/li><li class=\"\"><a href=\"#4-kellemesebb-enyhebb-idojarasi-korulmenyek\">4. Kellemesebb, enyh\u00e9bb id\u0151j\u00e1r\u00e1si k\u00f6r\u00fclm\u00e9nyek<\/a><\/li><li class=\"\"><a href=\"#5-kevesebb-verseny-a-helyszinekert\">5. Kevesebb verseny a helysz\u00ednek\u00e9rt<\/a><\/li><li class=\"\"><a href=\"#1-valoszinuleg-jobban-raernek-vendegeitek\">+1. Val\u00f3sz\u00edn\u0171leg jobban r\u00e1\u00e9rnek vend\u00e9geitek<\/a><\/li><li class=\"\"><a href=\"#osszegzes\">\u00d6sszegz\u00e9s<\/a><\/li><\/ul><\/nav><\/div>\n<!-- \/wp:rank-math\/toc-block -->\n\n<!-- wp:paragraph -->\n<p>Sokan a tavaszt a meg\u00fajul\u00e1s \u00e9vszak\u00e1nak tartj\u00e1k, hiszen ilyenkor a term\u00e9szet \u00e9letre kel, a f\u00e1k friss z\u00f6ldbe \u00f6lt\u00f6znek, a vir\u00e1gok kibontj\u00e1k szirmaikat, \u00e9s minden \u00fajj\u00e1sz\u00fcletik. A hossz\u00fa, hideg t\u00e9l ut\u00e1n a tavasz rem\u00e9nyt, frissess\u00e9get \u00e9s \u00faj kezdetet hoz \u2013 pont \u00fagy, ahogyan egy h\u00e1zass\u00e1g is egy \u00faj fejezetet nyit a p\u00e1rok \u00e9let\u00e9ben. Ez\u00e9rt is lehet a tavaszi esk\u00fcv\u0151 az egyik legjobb v\u00e1laszt\u00e1s.<\/p>\n<!-- \/wp:paragraph -->\n\n<!-- wp:paragraph -->\n<p>Egy esk\u00fcv\u0151 mindig hatalmas fordul\u00f3pont, amely tele van izgalommal, \u00e9rzelmekkel \u00e9s v\u00e1rakoz\u00e1ssal. A tavasz szimbolik\u00e1ja ezt az \u00e9lm\u00e9nyt m\u00e9g ink\u00e1bb fokozhatja: a n\u00f6veked\u00e9s, a v\u00e1ltoz\u00e1s \u00e9s az \u00e9let\u00f6r\u00f6m \u00e9vszaka t\u00f6k\u00e9letesen harmoniz\u00e1l az esk\u00fcv\u0151 jelent\u0151s\u00e9g\u00e9vel. De pontosan milyen el\u0151ny\u00f6kkel j\u00e1r, ha ezt az id\u0151szakot v\u00e1lasztj\u00e1tok? Most indul\u00f3 blogsorozatunkban elhoztuk nektek az okokat. N\u00e9zz\u00fck is meg jobban ezeket!<\/p>\n<!-- \/wp:paragraph -->\n\n<!-- wp:image {\"id\":3381,\"sizeSlug\":\"large\",\"linkDestination\":\"none\"} -->\n<figure class=\"wp-block-image size-large\"><img src=\"https:\/\/letilkuria.hu\/wp-content\/uploads\/le-til-tavaszi-eskuvo-02-1024x576.jpg\" alt=\"\" class=\"wp-image-3381\"\/><\/figure>\n<!-- \/wp:image -->\n\n<!-- wp:paragraph -->\n<p><\/p>\n<!-- \/wp:paragraph -->\n\n<!-- wp:heading {\"level\":4} -->\n<h4 class=\"wp-block-heading\" id=\"1-a-tavaszi-eskuvo-az-uj-kezdetet-szimbolizalja\">1. A tavaszi esk\u00fcv\u0151 az \u00faj kezdetet szimboliz\u00e1lja<\/h4>\n<!-- \/wp:heading -->\n\n<!-- wp:paragraph -->\n<p><\/p>\n<!-- \/wp:paragraph -->\n\n<!-- wp:paragraph -->\n<p>Ahogyan azt m\u00e1r kor\u00e1bban eml\u00edtett\u00fck, a tavasz a meg\u00fajul\u00e1s \u00e9s az \u00fajrakezd\u00e9s id\u0151szaka. A term\u00e9szet ilyenkor \u00fajra megtelik \u00e9lettel, ami gy\u00f6ny\u00f6r\u0171 metafor\u00e1ja lehet egy friss h\u00e1zass\u00e1gnak. Ahogy a term\u00e9szet fel\u00e9led, a f\u00e1k kiz\u00f6ld\u00fclnek, a vir\u00e1gok kiny\u00edlnak, \u00e9s minden friss lend\u00fcletet kap, \u00fagy a ti szerelmetek is \u00faj szintre emelkedhet ebben az inspir\u00e1l\u00f3 \u00e9vszakban. Ha szeretn\u00e9tek, hogy esk\u00fcv\u0151t\u00f6k romantikus \u00e9s k\u00fcl\u00f6nleges legyen, akkor a tavasz a t\u00f6k\u00e9letes v\u00e1laszt\u00e1s!&nbsp;<\/p>\n<!-- \/wp:paragraph -->\n\n<!-- wp:paragraph -->\n<p><\/p>\n<!-- \/wp:paragraph -->\n\n<!-- wp:image {\"id\":3383,\"sizeSlug\":\"large\",\"linkDestination\":\"none\"} -->\n<figure class=\"wp-block-image size-large\"><img src=\"https:\/\/letilkuria.hu\/wp-content\/uploads\/le-til-tavaszi-eskuvo-03-1024x576.jpg\" alt=\"\" class=\"wp-image-3383\"\/><\/figure>\n<!-- \/wp:image -->\n\n<!-- wp:paragraph -->\n<p><\/p>\n<!-- \/wp:paragraph -->\n\n<!-- wp:heading {\"level\":4} -->\n<h4 class=\"wp-block-heading\" id=\"2-a-termeszet-viragba-borul\">2. A term\u00e9szet vir\u00e1gba borul<\/h4>\n<!-- \/wp:heading -->\n\n<!-- wp:paragraph -->\n<p><\/p>\n<!-- \/wp:paragraph -->\n\n<!-- wp:paragraph -->\n<p>A tavaszi esk\u00fcv\u0151k egyik legnagyobb el\u0151nye, hogy ilyenkor a vir\u00e1gok a legszebb pomp\u00e1jukban ragyognak. A frissen ny\u00edl\u00f3 tulip\u00e1nok, n\u00e1rciszok, bazsar\u00f3zs\u00e1k \u00e9s egy\u00e9b szezon\u00e1lis n\u00f6v\u00e9nyek t\u00f6k\u00e9letesek lehet esk\u00fcv\u0151t\u00f6kh\u00f6z, hiszen a d\u00edszletet maga a term\u00e9szet biztos\u00edtja, mindezt csod\u00e1latos sz\u00ednekkel \u00e9s illatokkal. R\u00e1ad\u00e1sul, a friss, szezon\u00e1lis vir\u00e1gok nemcsak eszt\u00e9tikailag emelik az esk\u00fcv\u0151 hangulat\u00e1t, de k\u00f6lts\u00e9ghat\u00e9konyabbak is lehetnek. Kell enn\u00e9l t\u00f6bb?<\/p>\n<!-- \/wp:paragraph -->\n\n<!-- wp:paragraph -->\n<p><\/p>\n<!-- \/wp:paragraph -->\n\n<!-- wp:image {\"id\":3384,\"sizeSlug\":\"large\",\"linkDestination\":\"none\"} -->\n<figure class=\"wp-block-image size-large\"><img src=\"https:\/\/letilkuria.hu\/wp-content\/uploads\/le-til-tavaszi-eskuvo-04-1024x576.jpg\" alt=\"\" class=\"wp-image-3384\"\/><\/figure>\n<!-- \/wp:image -->\n\n<!-- wp:paragraph -->\n<p><\/p>\n<!-- \/wp:paragraph -->\n\n<!-- wp:heading {\"level\":4} -->\n<h4 class=\"wp-block-heading\" id=\"3-meses-szinek-es-dekor-lehetosegek\">3. Mes\u00e9s sz\u00ednek \u00e9s dekor lehet\u0151s\u00e9gek<\/h4>\n<!-- \/wp:heading -->\n\n<!-- wp:paragraph -->\n<p><\/p>\n<!-- \/wp:paragraph -->\n\n<!-- wp:paragraph -->\n<p>Ha m\u00e1r a vir\u00e1gokn\u00e1l tartunk, a tavaszi sz\u00ednek, \u00e9s az ezzel kapcsolatos palett\u00e1k messze a kedvenceink k\u00f6z\u00e9 tartoznak! A l\u00e1gy pasztellek, a finom \u00e1rnyalatok \u00e9s a buja z\u00f6ldek egy eleg\u00e1ns, m\u00e9gis friss hangulatot seg\u00edtenek kialak\u00edtani. Ak\u00e1r egy nagyszab\u00e1s\u00fa esk\u00fcv\u0151t terveztek, ak\u00e1r egy kis, meghitt \u00f6sszej\u00f6vetelt, a vil\u00e1gos \u00e9s gyeng\u00e9d tavaszi sz\u00ednek t\u00f6k\u00e9letesen illenek majd hozz\u00e1tok. A vir\u00e1gok mellett a term\u00e9szetes faelemek, l\u00e1gy text\u00edli\u00e1k \u00e9s romantikus f\u00e9nyf\u00fcz\u00e9rek is remek v\u00e1laszt\u00e1sok lehetnek.<\/p>\n<!-- \/wp:paragraph -->\n\n<!-- wp:paragraph -->\n<p><\/p>\n<!-- \/wp:paragraph -->\n\n<!-- wp:image {\"id\":3385,\"sizeSlug\":\"large\",\"linkDestination\":\"none\"} -->\n<figure class=\"wp-block-image size-large\"><img src=\"https:\/\/letilkuria.hu\/wp-content\/uploads\/le-til-tavaszi-eskuvo-05-1024x576.jpg\" alt=\"\" class=\"wp-image-3385\"\/><\/figure>\n<!-- \/wp:image -->\n\n<!-- wp:paragraph -->\n<p><\/p>\n<!-- \/wp:paragraph -->\n\n<!-- wp:heading {\"level\":4} -->\n<h4 class=\"wp-block-heading\" id=\"4-kellemesebb-enyhebb-idojarasi-korulmenyek\">4. Kellemesebb, enyh\u00e9bb id\u0151j\u00e1r\u00e1si k\u00f6r\u00fclm\u00e9nyek<\/h4>\n<!-- \/wp:heading -->\n\n<!-- wp:paragraph -->\n<p><\/p>\n<!-- \/wp:paragraph -->\n\n<!-- wp:paragraph -->\n<p>Az id\u0151j\u00e1r\u00e1s az egyik legfontosabb szempont, amikor egy esk\u00fcv\u0151 id\u0151pontj\u00e1t kiv\u00e1lasztj\u00e1tok. A t\u00e9l h\u0171v\u00f6ss\u00e9ge \u00e9s a ny\u00e1r h\u0151s\u00e9ge helyett a tavasz kellemes, enyhe h\u0151m\u00e9rs\u00e9kletet biztos\u00edt, amelyben Ti \u00e9s vend\u00e9geitek is komfortosan \u00e9rezhetitek magatokat. Tov\u00e1bb\u00e1, azt is kiv\u00e1laszthatj\u00e1tok, hogy kint, a szabad \u00e9g alatt mondj\u00e1tok ki a boldog\u00edt\u00f3 igent&nbsp;, vagy pedig bent, de ak\u00e1r kombin\u00e1lhatj\u00e1tok is a kett\u0151t.&nbsp;<\/p>\n<!-- \/wp:paragraph -->\n\n<!-- wp:paragraph -->\n<p>FUN FACT: Ha eleredne az es\u0151, akkor sem kell agg\u00f3dnotok, ugyanis a babona szerint ez szerencs\u00e9t hozhat a k\u00e9s\u0151bbiekben. Egy azonban biztos: a <a href=\"https:\/\/letilkuria.hu\/eskuvo\/\">Le Til K\u00faria<\/a> eleg\u00e1ns bels\u0151 terei \u00e9s var\u00e1zslatos k\u00fclt\u00e9ri k\u00f6rnyezete minden helyzetben t\u00f6k\u00e9letes megold\u00e1s lehet sz\u00e1motokra.<\/p>\n<!-- \/wp:paragraph -->\n\n<!-- wp:paragraph -->\n<p><\/p>\n<!-- \/wp:paragraph -->\n\n<!-- wp:image {\"id\":3386,\"sizeSlug\":\"large\",\"linkDestination\":\"none\"} -->\n<figure class=\"wp-block-image size-large\"><img src=\"https:\/\/letilkuria.hu\/wp-content\/uploads\/le-til-tavaszi-eskuvo-06-1024x576.jpg\" alt=\"\" class=\"wp-image-3386\"\/><\/figure>\n<!-- \/wp:image -->\n\n<!-- wp:paragraph -->\n<p><\/p>\n<!-- \/wp:paragraph -->\n\n<!-- wp:heading {\"level\":4} -->\n<h4 class=\"wp-block-heading\" id=\"5-kevesebb-verseny-a-helyszinekert\">5. Kevesebb verseny a helysz\u00ednek\u00e9rt<\/h4>\n<!-- \/wp:heading -->\n\n<!-- wp:paragraph -->\n<p><\/p>\n<!-- \/wp:paragraph -->\n\n<!-- wp:paragraph -->\n<p>B\u00e1r a tavaszi esk\u00fcv\u0151k egyre n\u00e9pszer\u0171bbek, a ny\u00e1ri szezonhoz k\u00e9pest m\u00e9g mindig kisebb n\u00e9pszer\u0171s\u00e9gnek \u00f6rvendenek, ez\u00e9rt k\u00f6nnyebben megtal\u00e1lhatj\u00e1tok a sz\u00e1motokra ide\u00e1lis id\u0151pontot. A m\u00e1rciusi, \u00e1prilisi, illetve m\u00e1jusi h\u00f3napokra m\u00e9g rendszerint szokott szabad d\u00e1tum lenni, akkor is, ha r\u00f6vid id\u0151n bel\u00fcl esk\u00fcdn\u00e9tek.&nbsp;<\/p>\n<!-- \/wp:paragraph -->\n\n<!-- wp:paragraph -->\n<p>Amennyiben tavaszi romantik\u00e1t szeretn\u00e9tek \u00e9s egy k\u00fcl\u00f6nleges helysz\u00ednt kerestek, ahol az \u00e1lomesk\u00fcv\u0151 val\u00f3s\u00e1gg\u00e1 v\u00e1lik, akkor vegy\u00e9tek fel vel\u00fcnk a kapcsolatot! M\u00e9g van egy p\u00e1r szabad id\u0151pontunk 2025 tavasz\u00e1ra, most \u00f3ri\u00e1si kedvezm\u00e9nnyel. Tov\u00e1bbi inform\u00e1ci\u00f3\u00e9rt l\u00e9pj vel\u00fcnk kapcsolatba <a href=\"https:\/\/letilkuria.hu\/\">ITT<\/a>!<\/p>\n<!-- \/wp:paragraph -->\n\n<!-- wp:paragraph -->\n<p><\/p>\n<!-- \/wp:paragraph -->\n\n<!-- wp:image {\"id\":3387,\"sizeSlug\":\"large\",\"linkDestination\":\"none\"} -->\n<figure class=\"wp-block-image size-large\"><img src=\"https:\/\/letilkuria.hu\/wp-content\/uploads\/le-til-tavaszi-eskuvo-07-1024x576.jpg\" alt=\"\" class=\"wp-image-3387\"\/><\/figure>\n<!-- \/wp:image -->\n\n<!-- wp:paragraph -->\n<p><\/p>\n<!-- \/wp:paragraph -->\n\n<!-- wp:heading {\"level\":4} -->\n<h4 class=\"wp-block-heading\" id=\"1-valoszinuleg-jobban-raernek-vendegeitek\">+1. Val\u00f3sz\u00edn\u0171leg jobban r\u00e1\u00e9rnek vend\u00e9geitek<\/h4>\n<!-- \/wp:heading -->\n\n<!-- wp:paragraph -->\n<p><\/p>\n<!-- \/wp:paragraph -->\n\n<!-- wp:paragraph -->\n<p>A ny\u00e1ri esk\u00fcv\u0151k egyik nagy kih\u00edv\u00e1sa, hogy sok vend\u00e9g m\u00e1r el\u0151re betervezett nyaral\u00e1sokkal, csal\u00e1di programokkal sz\u00e1mol, \u00edgy nehezebb biztos\u00edtani, hogy mindenki r\u00e9szt tudjon venni a nagy napon. A tavaszi esk\u00fcv\u0151 ebb\u0151l a szempontb\u00f3l t\u00f6k\u00e9letes v\u00e1laszt\u00e1s! Amennyiben nagy n\u00e1szn\u00e9ppel terveztek, akkor mindenk\u00e9ppen \u00e9rdemes figyelembe venni ezt az aspektust is. Ha pedig sok k\u00fclf\u00f6ldr\u0151l \u00e9rkez\u0151 vend\u00e9get v\u00e1rtok, \u00e9rdemes kor\u00e1n t\u00e1j\u00e9koztatni \u0151ket, hogy id\u0151ben \u00e9s nyugodtan megtervezhess\u00e9k az utaz\u00e1sukat.<\/p>\n<!-- \/wp:paragraph -->\n\n<!-- wp:paragraph -->\n<p><\/p>\n<!-- \/wp:paragraph -->\n\n<!-- wp:image {\"id\":3388,\"sizeSlug\":\"large\",\"linkDestination\":\"none\"} -->\n<figure class=\"wp-block-image size-large\"><img src=\"https:\/\/letilkuria.hu\/wp-content\/uploads\/le-til-tavaszi-eskuvo-08-1024x576.jpg\" alt=\"\" class=\"wp-image-3388\"\/><\/figure>\n<!-- \/wp:image -->\n\n<!-- wp:paragraph -->\n<p><\/p>\n<!-- \/wp:paragraph -->\n\n<!-- wp:heading {\"level\":4} -->\n<h4 class=\"wp-block-heading\" id=\"osszegzes\">\u00d6sszegz\u00e9s<\/h4>\n<!-- \/wp:heading -->\n\n<!-- wp:paragraph -->\n<p><\/p>\n<!-- \/wp:paragraph -->\n\n<!-- wp:paragraph -->\n<p>A tavasz minden szempontb\u00f3l t\u00f6k\u00e9letes \u00e9vszak lehet az esk\u00fcv\u0151t\u00f6k sz\u00e1m\u00e1ra. A kellemes id\u0151j\u00e1r\u00e1s, a term\u00e9szet \u00e9bred\u00e9se \u00e9s a csod\u00e1latos dekor lehet\u0151s\u00e9gek mind azt biztos\u00edtj\u00e1k, hogy a nagy nap igaz\u00e1n felejthetetlen legyen. Ha szeretn\u00e9tek egy romantikus, idilli cerem\u00f3ni\u00e1t, amely a meg\u00fajul\u00e1s \u00e9s az \u00faj kezdetek jegy\u00e9ben telik, akkor ne k\u00e9slekedjetek! Keressetek benn\u00fcnket bizalommal, \u00e9s legyen ez az \u00e9vszak szerelmetek egyik legszebb id\u0151szaka!<\/p>\n<!-- \/wp:paragraph -->\n\n<!-- wp:paragraph -->\n<p><em>*Minden felhaszn\u00e1lt fot\u00f3 Vamos Wedding Photography tulajdon\u00e1t k\u00e9pezi.&nbsp;<\/em><\/p>\n<!-- \/wp:paragraph -->","_et_gb_content_width":"","footnotes":""},"categories":[9],"tags":[],"class_list":["post-3380","post","type-post","status-publish","format-standard","has-post-thumbnail","hentry","category-eskuvo"],"_links":{"self":[{"href":"https:\/\/letilkuria.hu\/en\/wp-json\/wp\/v2\/posts\/3380","targetHints":{"allow":["GET"]}}],"collection":[{"href":"https:\/\/letilkuria.hu\/en\/wp-json\/wp\/v2\/posts"}],"about":[{"href":"https:\/\/letilkuria.hu\/en\/wp-json\/wp\/v2\/types\/post"}],"author":[{"embeddable":true,"href":"https:\/\/letilkuria.hu\/en\/wp-json\/wp\/v2\/users\/1"}],"replies":[{"embeddable":true,"href":"https:\/\/letilkuria.hu\/en\/wp-json\/wp\/v2\/comments?post=3380"}],"version-history":[{"count":0,"href":"https:\/\/letilkuria.hu\/en\/wp-json\/wp\/v2\/posts\/3380\/revisions"}],"wp:featuredmedia":[{"embeddable":true,"href":"https:\/\/letilkuria.hu\/en\/wp-json\/wp\/v2\/media\/3437"}],"wp:attachment":[{"href":"https:\/\/letilkuria.hu\/en\/wp-json\/wp\/v2\/media?parent=3380"}],"wp:term":[{"taxonomy":"category","embeddable":true,"href":"https:\/\/letilkuria.hu\/en\/wp-json\/wp\/v2\/categories?post=3380"},{"taxonomy":"post_tag","embeddable":true,"href":"https:\/\/letilkuria.hu\/en\/wp-json\/wp\/v2\/tags?post=3380"}],"curies":[{"name":"wp","href":"https:\/\/api.w.org\/{rel}","templated":true}]}}